{"id":633382,"date":"2026-01-01T02:55:11","date_gmt":"2026-01-01T02:55:11","guid":{"rendered":"https:\/\/www.europesays.com\/fr\/633382\/"},"modified":"2026-01-01T02:55:11","modified_gmt":"2026-01-01T02:55:11","slug":"encadrement-des-loyers-trois-proprietaires-lyonnais-condamnes","status":"publish","type":"post","link":"https:\/\/www.europesays.com\/fr\/633382\/","title":{"rendered":"Encadrement des loyers : trois propri\u00e9taires lyonnais condamn\u00e9s"},"content":{"rendered":"<p>                            <img loading=\"lazy\" width=\"1200\" height=\"750\" class=\"attachment-article size-article wp-post-image lazyload\" alt=\"\" decoding=\"async\" src=\"https:\/\/www.europesays.com\/fr\/wp-content\/uploads\/2026\/01\/lyon-1585775-e1767085796265.jpg\" data-eio-rwidth=\"1200\" data-eio-rheight=\"750\"\/><\/p>\n<p>Les partisans de l\u2019encadrement des loyers soulignent l\u2019aspect protecteur des locataires et ses d\u00e9tracteurs y voient une mesure contre-productive, p\u00e9nalisant les propri\u00e9taires \u00a9\u2002Pixabay \/ Falco<\/p>\n<p class=\"content\" style=\"font-size:1.2em;font-weight:700\">Trois propri\u00e9taires lyonnais ne respectant pas l&rsquo;encadrement des loyers ont \u00e9t\u00e9 punis par la loi. Au total, 23 000 euros d&rsquo;amende ont \u00e9t\u00e9 prononc\u00e9s. <\/p>\n<p>Lanc\u00e9 en d\u00e9but de mandat \u00e0 la demande du pr\u00e9sident de la M\u00e9tropole de Lyon, Bruno Bernard, l&rsquo;encadrement des loyers fait d\u00e9bat. Notamment contest\u00e9e par le principal opposant aux municipales de 2026, Jean-Michel Aulas, qui souhaiterait \u00ab\u00a0d\u00e9sencadrer les loyers\u00a0\u00bb s\u2019il est \u00e9lu, la mesure continue de s\u2019appliquer et de donner des r\u00e9sultats.<\/p>\n<p>Cette derni\u00e8re aurait par ailleurs r\u00e9cemment permis de d\u00e9charger plusieurs locataires. Selon nos confr\u00e8res<a href=\"https:\/\/tribunedelyon.fr\/urbanisme-immobilier\/encadrement-des-loyers-trois-proprietaires-lyonnais-condamnes-a-des-amendes-jusqua-15-000-euros\/\" rel=\"nofollow noopener\" target=\"_blank\"> de Tribune de Lyon,<\/a> trois arr\u00eat\u00e9s pr\u00e9fectoraux datant du 23 et 24 d\u00e9cembre, auraient en effet punis trois propri\u00e9taires, pr\u00e9levant des loyers trop \u00e9lev\u00e9s \u00e0 leurs locataires. Au total, 23 000 euros d&rsquo;amendes ont \u00e9t\u00e9 prononc\u00e9s.<\/p>\n<p>Trois amendes distribu\u00e9es <\/p>\n<p>Le premier arr\u00eat\u00e9 concerne un appartement situ\u00e9 cours Tolsto\u00ef \u00e0 Villeurbanne. Pendant 42 mois, la propri\u00e9taire aurait d\u00e9pass\u00e9 de 158 euros le loyer de r\u00e9f\u00e9rence major\u00e9, ramen\u00e9 \u00e0 120 euros. Pour ces faits, cette derni\u00e8re a \u00e9cop\u00e9 d&rsquo;une amende de 4 200 euros. <\/p>\n<p>Le second logement concern\u00e9 se situe dans le 9e arrondissement de Lyon. Ici aussi, le d\u00e9passement aurait \u00e9t\u00e9 arr\u00eat\u00e9 \u00e0 120 euros, mais durait depuis novembre 2024. 4 200 euros d&rsquo;amende ont \u00e9galement \u00e9t\u00e9 distribu\u00e9s au propri\u00e9taire. <\/p>\n<p>Enfin, le dernier arr\u00eat\u00e9 concerne un studio de 10, 50 m2, mis en location par une soci\u00e9t\u00e9 d&rsquo;investissement dans le 1er arrondissement de Lyon. Pendant 38 mois, la soci\u00e9t\u00e9 aurait d\u00e9pass\u00e9 de 415 euros le loyer de r\u00e9f\u00e9rence major\u00e9, \u00e9tabli \u00e0 215 euros. Cette fois-ci, la soci\u00e9t\u00e9 a \u00e9t\u00e9 notifi\u00e9e d&rsquo;une amende de 15 000 euros.<\/p>\n<p><strong>Lire aussi : <\/strong><\/p>\n","protected":false},"excerpt":{"rendered":"Les partisans de l\u2019encadrement des loyers soulignent l\u2019aspect protecteur des locataires et ses d\u00e9tracteurs y voient une mesure&hellip;\n","protected":false},"author":2,"featured_media":633383,"comment_status":"","ping_status":"","sticky":false,"template":"","format":"standard","meta":{"footnotes":""},"categories":[1889],"tags":[1111,11,2430,1777,674,1011,27,2428,12,25],"class_list":{"0":"post-633382","1":"post","2":"type-post","3":"status-publish","4":"format-standard","5":"has-post-thumbnail","7":"category-lyon","8":"tag-actu","9":"tag-actualites","10":"tag-auvergne-rhone-alpes","11":"tag-eu","12":"tag-europe","13":"tag-fr","14":"tag-france","15":"tag-lyon","16":"tag-news","17":"tag-republique-francaise"},"share_on_mastodon":{"url":"https:\/\/pubeurope.com\/@fr\/115817593191283444","error":""},"_links":{"self":[{"href":"https:\/\/www.europesays.com\/fr\/wp-json\/wp\/v2\/posts\/633382","targetHints":{"allow":["GET"]}}],"collection":[{"href":"https:\/\/www.europesays.com\/fr\/wp-json\/wp\/v2\/posts"}],"about":[{"href":"https:\/\/www.europesays.com\/fr\/wp-json\/wp\/v2\/types\/post"}],"author":[{"embeddable":true,"href":"https:\/\/www.europesays.com\/fr\/wp-json\/wp\/v2\/users\/2"}],"replies":[{"embeddable":true,"href":"https:\/\/www.europesays.com\/fr\/wp-json\/wp\/v2\/comments?post=633382"}],"version-history":[{"count":0,"href":"https:\/\/www.europesays.com\/fr\/wp-json\/wp\/v2\/posts\/633382\/revisions"}],"wp:featuredmedia":[{"embeddable":true,"href":"https:\/\/www.europesays.com\/fr\/wp-json\/wp\/v2\/media\/633383"}],"wp:attachment":[{"href":"https:\/\/www.europesays.com\/fr\/wp-json\/wp\/v2\/media?parent=633382"}],"wp:term":[{"taxonomy":"category","embeddable":true,"href":"https:\/\/www.europesays.com\/fr\/wp-json\/wp\/v2\/categories?post=633382"},{"taxonomy":"post_tag","embeddable":true,"href":"https:\/\/www.europesays.com\/fr\/wp-json\/wp\/v2\/tags?post=633382"}],"curies":[{"name":"wp","href":"https:\/\/api.w.org\/{rel}","templated":true}]}}