{"id":633384,"date":"2026-01-01T02:56:11","date_gmt":"2026-01-01T02:56:11","guid":{"rendered":"https:\/\/www.europesays.com\/fr\/633384\/"},"modified":"2026-01-01T02:56:11","modified_gmt":"2026-01-01T02:56:11","slug":"previsions-du-jeudi-1er-janvier-2026-4","status":"publish","type":"post","link":"https:\/\/www.europesays.com\/fr\/633384\/","title":{"rendered":"pr\u00e9visions du jeudi 1er janvier 2026"},"content":{"rendered":"<p>Lyon va conna\u00eetre une splendide journ\u00e9e particuli\u00e8rement ensoleill\u00e9e. Il va faire froid avec des valeurs qui s&rsquo;\u00e9chelonneront entre -3 et 4\u00b0C. Un l\u00e9ger vent de sud-est soufflera. Les Lyonnais vont avoir froid le matin : les temp\u00e9ratures ne vont pas d\u00e9passer 2\u00b0C. Les Lyonnais vont avoir froid l&rsquo;apr\u00e8s-midi : les temp\u00e9ratures ne vont pas d\u00e9passer 4\u00b0C. Les maximales iront jusqu&rsquo;\u00e0 4\u00b0C et les minimales seront de 0\u00b0C : un temps de saison. Des \u00e9claircies sont attendues : on passera une soir\u00e9e agr\u00e9able. Durant la nuit de jeudi \u00e0 vendredi, le ciel sera clair.<\/p>\n<p>Demain, les Lyonnais vont pouvoir profiter d&rsquo;un soleil magnifique. Il va faire environ 1\u00b0C. Les Lyonnais vont avoir froid le matin : les temp\u00e9ratures ne vont pas d\u00e9passer 3\u00b0C. Les valeurs tourneront autour des 0\u00b0C. Un vent de sud-ouest soufflera l\u00e9g\u00e8rement, avec 2 km\/h. Les Lyonnais vont avoir froid demain apr\u00e8s-midi : les temp\u00e9ratures ne vont pas d\u00e9passer 4\u00b0C. L&rsquo;hiver sera bien au rendez-vous puisque les valeurs seront quand m\u00eame de 0\u00b0C au minimum et de 4\u00b0C au plus haut. Demain soir, le vent va peu \u00e0 peu chasser les nuages. Il fera -1\u00b0C en moyenne. Une brise de sud-ouest soufflera doucement.<\/p>\n<p>Les jours s&rsquo;encha\u00eenent et ne changent pas. On s&rsquo;attend \u00e0 des journ\u00e9es ensoleill\u00e9es, accompagn\u00e9es par des temp\u00e9ratures dans les -4\u00b0C en moyenne.<\/p>\n<p><\/p>\n","protected":false},"excerpt":{"rendered":"Lyon va conna\u00eetre une splendide journ\u00e9e particuli\u00e8rement ensoleill\u00e9e. Il va faire froid avec des valeurs qui s&rsquo;\u00e9chelonneront entre&hellip;\n","protected":false},"author":2,"featured_media":633385,"comment_status":"","ping_status":"","sticky":false,"template":"","format":"standard","meta":{"footnotes":""},"categories":[1889],"tags":[1111,11,2430,1777,674,1011,27,2428,12,2119,25],"class_list":{"0":"post-633384","1":"post","2":"type-post","3":"status-publish","4":"format-standard","5":"has-post-thumbnail","7":"category-lyon","8":"tag-actu","9":"tag-actualites","10":"tag-auvergne-rhone-alpes","11":"tag-eu","12":"tag-europe","13":"tag-fr","14":"tag-france","15":"tag-lyon","16":"tag-news","17":"tag-previsions-meteo","18":"tag-republique-francaise"},"share_on_mastodon":{"url":"https:\/\/pubeurope.com\/@fr\/115817597033928055","error":""},"_links":{"self":[{"href":"https:\/\/www.europesays.com\/fr\/wp-json\/wp\/v2\/posts\/633384","targetHints":{"allow":["GET"]}}],"collection":[{"href":"https:\/\/www.europesays.com\/fr\/wp-json\/wp\/v2\/posts"}],"about":[{"href":"https:\/\/www.europesays.com\/fr\/wp-json\/wp\/v2\/types\/post"}],"author":[{"embeddable":true,"href":"https:\/\/www.europesays.com\/fr\/wp-json\/wp\/v2\/users\/2"}],"replies":[{"embeddable":true,"href":"https:\/\/www.europesays.com\/fr\/wp-json\/wp\/v2\/comments?post=633384"}],"version-history":[{"count":0,"href":"https:\/\/www.europesays.com\/fr\/wp-json\/wp\/v2\/posts\/633384\/revisions"}],"wp:featuredmedia":[{"embeddable":true,"href":"https:\/\/www.europesays.com\/fr\/wp-json\/wp\/v2\/media\/633385"}],"wp:attachment":[{"href":"https:\/\/www.europesays.com\/fr\/wp-json\/wp\/v2\/media?parent=633384"}],"wp:term":[{"taxonomy":"category","embeddable":true,"href":"https:\/\/www.europesays.com\/fr\/wp-json\/wp\/v2\/categories?post=633384"},{"taxonomy":"post_tag","embeddable":true,"href":"https:\/\/www.europesays.com\/fr\/wp-json\/wp\/v2\/tags?post=633384"}],"curies":[{"name":"wp","href":"https:\/\/api.w.org\/{rel}","templated":true}]}}