{"id":633400,"date":"2026-01-01T03:06:28","date_gmt":"2026-01-01T03:06:28","guid":{"rendered":"https:\/\/www.europesays.com\/fr\/633400\/"},"modified":"2026-01-01T03:06:28","modified_gmt":"2026-01-01T03:06:28","slug":"la-deterioration-humanitaire-a-gaza-inquiete-serieusement-selon-le-royaume-uni-le-canada-la-france-et-dautres-pays","status":"publish","type":"post","link":"https:\/\/www.europesays.com\/fr\/633400\/","title":{"rendered":"La d\u00e9t\u00e9rioration humanitaire \u00e0 Gaza inqui\u00e8te s\u00e9rieusement, selon le Royaume-Uni, le Canada, la France et d&rsquo;autres pays"},"content":{"rendered":"<p>La situation humanitaire \u00e0 Gaza s&rsquo;est de nouveau aggrav\u00e9e et suscite une vive inqui\u00e9tude, ont d\u00e9clar\u00e9 mardi le Royaume-Uni, le Canada, la France et d&rsquo;autres pays dans une d\u00e9claration conjointe appelant \u00e9galement Isra\u00ebl \u00e0 agir de toute urgence.<\/p>\n<p>La d\u00e9claration, publi\u00e9e en ligne par le minist\u00e8re britannique des Affaires \u00e9trang\u00e8res, demande \u00e0 Isra\u00ebl d&rsquo;autoriser les organisations non gouvernementales \u00e0 op\u00e9rer sur son territoire de mani\u00e8re continue et pr\u00e9visible, et de garantir que l&rsquo;ONU puisse poursuivre son travail dans l&rsquo;enclave palestinienne.<\/p>\n<p>\u00ab\u00a0(Nous) exprimons de vives inqui\u00e9tudes quant \u00e0 la nouvelle d\u00e9t\u00e9rioration de la situation humanitaire \u00e0 Gaza, qui demeure catastrophique\u00a0\u00bb, indique la d\u00e9claration des ministres des Affaires \u00e9trang\u00e8res du Canada, du Danemark, de la Finlande, de la France, de l&rsquo;Islande, du Japon, de la Norv\u00e8ge, de la Su\u00e8de, de la Suisse et du Royaume-Uni.<\/p>\n<p>La d\u00e9claration demande \u00e9galement \u00e0 Isra\u00ebl de lever ce qu&rsquo;elle qualifie de \u00ab\u00a0restrictions d\u00e9raisonnables\u00a0\u00bb sur certaines importations, notamment le mat\u00e9riel m\u00e9dical et les \u00e9quipements d&rsquo;abri, et d&rsquo;ouvrir les points de passage frontaliers afin d&rsquo;accro\u00eetre le flux de l&rsquo;aide humanitaire vers Gaza.<\/p>\n<p>Isra\u00ebl et le Hamas sont parvenus \u00e0 un cessez-le-feu en octobre, apr\u00e8s deux ann\u00e9es de bombardements intensifs et d&rsquo;op\u00e9rations militaires isra\u00e9liennes \u00e0 Gaza, cons\u00e9cutives \u00e0 une attaque meurtri\u00e8re men\u00e9e par des combattants dirig\u00e9s par le Hamas contre des communaut\u00e9s isra\u00e9liennes en octobre 2023.<\/p>\n<p>Le minist\u00e8re isra\u00e9lien des Affaires \u00e9trang\u00e8res a qualifi\u00e9 la d\u00e9claration conjointe de \u00ab\u00a0fausse mais peu surprenante\u00a0\u00bb et de \u00ab\u00a0partie d&rsquo;un sch\u00e9ma r\u00e9current de critiques d\u00e9connect\u00e9es et d&rsquo;exigences \u00e0 sens unique envers Isra\u00ebl, tout en ignorant d\u00e9lib\u00e9r\u00e9ment l&rsquo;exigence essentielle de d\u00e9sarmement du Hamas\u00a0\u00bb.<\/p>\n<p>\u00ab\u00a0La d\u00e9claration ignore de mani\u00e8re flagrante l&rsquo;am\u00e9lioration significative de la situation humanitaire dans la bande de Gaza depuis l&rsquo;entr\u00e9e en vigueur du cessez-le-feu\u00a0\u00bb, a ajout\u00e9 le minist\u00e8re dans un communiqu\u00e9 publi\u00e9 sur X.<\/p>\n<p>Un organisme mondial de surveillance de la faim a indiqu\u00e9 le 19 d\u00e9cembre qu&rsquo;il n&rsquo;y avait plus de famine \u00e0 Gaza, apr\u00e8s une am\u00e9lioration de l&rsquo;acc\u00e8s aux livraisons alimentaires humanitaires et commerciales cons\u00e9cutive au cessez-le-feu.<\/p>\n<p>Cependant, les agences humanitaires estiment qu&rsquo;une aide beaucoup plus importante doit parvenir dans ce territoire exigu et dens\u00e9ment peupl\u00e9, et accusent Isra\u00ebl de bloquer l&rsquo;entr\u00e9e de produits n\u00e9cessaires. Isra\u00ebl affirme que la quantit\u00e9 de nourriture achemin\u00e9e est suffisante et que les probl\u00e8mes se situent au niveau de la distribution \u00e0 l&rsquo;int\u00e9rieur de Gaza.<\/p>\n","protected":false},"excerpt":{"rendered":"La situation humanitaire \u00e0 Gaza s&rsquo;est de nouveau aggrav\u00e9e et suscite une vive inqui\u00e9tude, ont d\u00e9clar\u00e9 mardi le&hellip;\n","protected":false},"author":2,"featured_media":633401,"comment_status":"","ping_status":"","sticky":false,"template":"","format":"standard","meta":{"footnotes":""},"categories":[1588],"tags":[11,340,1777,674,12,473,1853,1851,1850,1852],"class_list":{"0":"post-633400","1":"post","2":"type-post","3":"status-publish","4":"format-standard","5":"has-post-thumbnail","7":"category-royaume-uni","8":"tag-actualites","9":"tag-bourse","10":"tag-eu","11":"tag-europe","12":"tag-news","13":"tag-royaume-uni","14":"tag-royaume-uni-de-grande-bretagne-et-dirlande-du-nord","15":"tag-uk","16":"tag-united-kingdom","17":"tag-united-kingdom-of-great-britain-and-northern-ireland"},"share_on_mastodon":{"url":"https:\/\/pubeurope.com\/@fr\/115817636416300505","error":""},"_links":{"self":[{"href":"https:\/\/www.europesays.com\/fr\/wp-json\/wp\/v2\/posts\/633400","targetHints":{"allow":["GET"]}}],"collection":[{"href":"https:\/\/www.europesays.com\/fr\/wp-json\/wp\/v2\/posts"}],"about":[{"href":"https:\/\/www.europesays.com\/fr\/wp-json\/wp\/v2\/types\/post"}],"author":[{"embeddable":true,"href":"https:\/\/www.europesays.com\/fr\/wp-json\/wp\/v2\/users\/2"}],"replies":[{"embeddable":true,"href":"https:\/\/www.europesays.com\/fr\/wp-json\/wp\/v2\/comments?post=633400"}],"version-history":[{"count":0,"href":"https:\/\/www.europesays.com\/fr\/wp-json\/wp\/v2\/posts\/633400\/revisions"}],"wp:featuredmedia":[{"embeddable":true,"href":"https:\/\/www.europesays.com\/fr\/wp-json\/wp\/v2\/media\/633401"}],"wp:attachment":[{"href":"https:\/\/www.europesays.com\/fr\/wp-json\/wp\/v2\/media?parent=633400"}],"wp:term":[{"taxonomy":"category","embeddable":true,"href":"https:\/\/www.europesays.com\/fr\/wp-json\/wp\/v2\/categories?post=633400"},{"taxonomy":"post_tag","embeddable":true,"href":"https:\/\/www.europesays.com\/fr\/wp-json\/wp\/v2\/tags?post=633400"}],"curies":[{"name":"wp","href":"https:\/\/api.w.org\/{rel}","templated":true}]}}