{"id":633410,"date":"2026-01-01T03:12:20","date_gmt":"2026-01-01T03:12:20","guid":{"rendered":"https:\/\/www.europesays.com\/fr\/633410\/"},"modified":"2026-01-01T03:12:20","modified_gmt":"2026-01-01T03:12:20","slug":"trump-se-moque-des-clooney-et-de-la-gestion-desastreuse-de-limmigration-en-france","status":"publish","type":"post","link":"https:\/\/www.europesays.com\/fr\/633410\/","title":{"rendered":"Trump se moque des Clooney et de la \u00ab\u00a0gestion d\u00e9sastreuse de l\u2019immigration\u00a0\u00bb en France"},"content":{"rendered":"<p><a href=\"https:\/\/www.20minutes.fr\/dossier\/donald_trump\" target=\"_blank\" class=\"c-link c-link--is-underlined\" rel=\"noopener\">Donald Trump<\/a> a r\u00e9agi mercredi \u00e0 la naturalisation en France de <a href=\"https:\/\/www.20minutes.fr\/arts-stars\/people\/4193629-20251229-george-clooney-femme-enfants-obtiennent-nationalite-francaise\" target=\"_blank\" class=\"c-link c-link--is-underlined\" rel=\"noopener\">George et Amal Clooney<\/a> par une s\u00e9rie de d\u00e9clarations acerbes, publi\u00e9es sur Truth Social. Fid\u00e8le \u00e0 son style, le pr\u00e9sident am\u00e9ricain a m\u00eal\u00e9 attaque personnelle et critique politique, se f\u00e9licitant ironiquement du d\u00e9part symbolique du couple vers la citoyennet\u00e9 fran\u00e7aise. \u00ab\u00a0Bonne nouvelle\u00a0! George et Amal Clooney, deux des pires pronostiqueurs politiques de tous les temps, sont officiellement devenus <a href=\"https:\/\/www.20minutes.fr\/dossier\/citoyennete\" target=\"_blank\" class=\"c-link c-link--is-underlined\" rel=\"noopener\">citoyens<\/a> fran\u00e7ais\u00a0\u00bb, a-t-il \u00e9crit, d\u00e9clenchant de nombreuses r\u00e9actions des deux c\u00f4t\u00e9s de l\u2019Atlantique.<\/p>\n<p>Dans la foul\u00e9e, Donald Trump a \u00e9largi son propos \u00e0 une charge plus g\u00e9n\u00e9rale contre la <a href=\"https:\/\/www.20minutes.fr\/dossier\/immigration\" target=\"_blank\" class=\"c-link c-link--is-underlined\" rel=\"noopener\">politique migratoire<\/a> europ\u00e9enne et fran\u00e7aise. Sans avancer de donn\u00e9es chiffr\u00e9es, il a affirm\u00e9 que \u00ab\u00a0la France est actuellement confront\u00e9e \u00e0 un grave probl\u00e8me de <a href=\"https:\/\/www.20minutes.fr\/dossier\/criminalite\" target=\"_blank\" class=\"c-link c-link--is-underlined\" rel=\"noopener\">criminalit\u00e9<\/a> en raison de sa gestion absolument d\u00e9sastreuse de l\u2019immigration\u00a0\u00bb, \u00e9tablissant un parall\u00e8le avec la situation am\u00e9ricaine sous son pr\u00e9d\u00e9cesseur. Il a ainsi repris son sobriquet habituel en \u00e9voquant \u00ab\u00a0<a href=\"https:\/\/www.20minutes.fr\/dossier\/joe_biden\" target=\"_blank\" class=\"c-link c-link--is-underlined\" rel=\"noopener\">Joe Biden<\/a> l\u2019endormi\u00a0\u00bb, une formule qu\u2019il utilise r\u00e9guli\u00e8rement dans son discours politique.<\/p>\n<\/p>\n<p>Clooney et \u00ab\u00a0ses rares films, totalement m\u00e9diocres\u00a0\u00bb<\/p>\n<p>Les critiques du pr\u00e9sident r\u00e9publicain se sont \u00e9galement concentr\u00e9es sur George Clooney, engag\u00e9 de longue date aux c\u00f4t\u00e9s du camp <a href=\"https:\/\/www.20minutes.fr\/dossier\/parti_democrate\" target=\"_blank\" class=\"c-link c-link--is-underlined\" rel=\"noopener\">d\u00e9mocrate<\/a>. Selon Donald Trump, l\u2019acteur \u00ab\u00a0s\u2019est fait plus conna\u00eetre par la politique que par ses rares films, totalement m\u00e9diocres\u00a0\u00bb, une attaque qui vise autant la carri\u00e8re artistique que l\u2019engagement public de la star <a href=\"https:\/\/www.20minutes.fr\/dossier\/hollywood\" target=\"_blank\" class=\"c-link c-link--is-underlined\" rel=\"noopener\">hollywoodienne<\/a>. Ce positionnement s\u2019inscrit dans une strat\u00e9gie de confrontation r\u00e9currente avec les figures culturelles critiques de sa ligne politique.<\/p>\n<p><a href=\"https:\/\/www.20minutes.fr\/monde\/etats-unis\/\" target=\"_blank\" class=\"c-link c-btn c-btn--primary\" rel=\"noopener\">Notre dossier sur les Etats-Unis<\/a><\/p>\n<p>Amal Clooney est, elle aussi, indirectement vis\u00e9e \u00e0 travers son r\u00f4le au sein d\u2019un groupe d\u2019experts ayant conseill\u00e9 le procureur de la <a href=\"https:\/\/www.20minutes.fr\/monde\/cpi\/\" target=\"_blank\" class=\"c-link c-link--is-underlined\" rel=\"noopener\">Cour p\u00e9nale internationale<\/a>. Ce dernier a demand\u00e9 des mandats d\u2019arr\u00eat contre deux ministres isra\u00e9liens, dont <a href=\"https:\/\/www.20minutes.fr\/dossier\/benyamin_netanyahou\" target=\"_blank\" class=\"c-link c-link--is-underlined\" rel=\"noopener\">Benyamin Netanyahou<\/a>, ainsi que contre trois dirigeants du <a href=\"https:\/\/www.20minutes.fr\/monde\/hamas\/\" target=\"_blank\" class=\"c-link c-link--is-underlined\" rel=\"noopener\">Hamas<\/a>, une initiative qui avait suscit\u00e9 la col\u00e8re d\u2019Isra\u00ebl et des Etats-Unis. En France, la naturalisation du couple et de leurs enfants alimente parall\u00e8lement une controverse politique, une ministre d\u00e9non\u00e7ant un \u00ab\u00a0deux poids deux mesures\u00a0\u00bb dans un contexte de durcissement des conditions d\u2019acc\u00e8s \u00e0 la citoyennet\u00e9.<\/p>\n","protected":false},"excerpt":{"rendered":"Donald Trump a r\u00e9agi mercredi \u00e0 la naturalisation en France de George et Amal Clooney par une s\u00e9rie&hellip;\n","protected":false},"author":2,"featured_media":633411,"comment_status":"","ping_status":"","sticky":false,"template":"","format":"standard","meta":{"footnotes":""},"categories":[4],"tags":[47,11,952,650,75,73,1011,27,6054,3519,2137,1061,457,74,9111,12,23893,25],"class_list":{"0":"post-633410","1":"post","2":"type-post","3":"status-publish","4":"format-standard","5":"has-post-thumbnail","7":"category-france","8":"tag-actualite","9":"tag-actualites","10":"tag-benyamin-netanyahou","11":"tag-cinema","12":"tag-donald-trump","13":"tag-etats-unis","14":"tag-fr","15":"tag-france","16":"tag-george-clooney","17":"tag-hamas","18":"tag-hollywood","19":"tag-immigration","20":"tag-joe-biden","21":"tag-monde","22":"tag-naturalisation","23":"tag-news","24":"tag-parti-democrate-usa","25":"tag-republique-francaise"},"share_on_mastodon":{"url":"https:\/\/pubeurope.com\/@fr\/115817659929152015","error":""},"_links":{"self":[{"href":"https:\/\/www.europesays.com\/fr\/wp-json\/wp\/v2\/posts\/633410","targetHints":{"allow":["GET"]}}],"collection":[{"href":"https:\/\/www.europesays.com\/fr\/wp-json\/wp\/v2\/posts"}],"about":[{"href":"https:\/\/www.europesays.com\/fr\/wp-json\/wp\/v2\/types\/post"}],"author":[{"embeddable":true,"href":"https:\/\/www.europesays.com\/fr\/wp-json\/wp\/v2\/users\/2"}],"replies":[{"embeddable":true,"href":"https:\/\/www.europesays.com\/fr\/wp-json\/wp\/v2\/comments?post=633410"}],"version-history":[{"count":0,"href":"https:\/\/www.europesays.com\/fr\/wp-json\/wp\/v2\/posts\/633410\/revisions"}],"wp:featuredmedia":[{"embeddable":true,"href":"https:\/\/www.europesays.com\/fr\/wp-json\/wp\/v2\/media\/633411"}],"wp:attachment":[{"href":"https:\/\/www.europesays.com\/fr\/wp-json\/wp\/v2\/media?parent=633410"}],"wp:term":[{"taxonomy":"category","embeddable":true,"href":"https:\/\/www.europesays.com\/fr\/wp-json\/wp\/v2\/categories?post=633410"},{"taxonomy":"post_tag","embeddable":true,"href":"https:\/\/www.europesays.com\/fr\/wp-json\/wp\/v2\/tags?post=633410"}],"curies":[{"name":"wp","href":"https:\/\/api.w.org\/{rel}","templated":true}]}}