{"id":633412,"date":"2026-01-01T03:15:13","date_gmt":"2026-01-01T03:15:13","guid":{"rendered":"https:\/\/www.europesays.com\/fr\/633412\/"},"modified":"2026-01-01T03:15:13","modified_gmt":"2026-01-01T03:15:13","slug":"interview-jai-envie-de-gouter-au-stade-de-france-plein-baptiste-pesenti-continue-de-rever-bleus","status":"publish","type":"post","link":"https:\/\/www.europesays.com\/fr\/633412\/","title":{"rendered":"Interview. \u00ab J&rsquo;ai envie de go\u00fbter au Stade de France plein \u00bb, Baptiste Pesenti continue de r\u00eaver Bleus"},"content":{"rendered":"<p>                    Par<br \/>\n        <strong><br \/>\n            <a href=\"https:\/\/actu.fr\/auteur\/augustin-thiefaine\" title=\"Consulter tous les articles de Augustin Thiefaine\" target=\"_blank\" rel=\"noopener\">Augustin Thiefaine<\/a><br \/>\n                    <\/strong><\/p>\n<p>        Publi\u00e9 le<\/p>\n<p>            30 d\u00e9c. 2025 \u00e0 18h16        <\/p>\n<p>Fouler le gazon v\u00eatu du maillot tricolore : tel est le v\u0153u du <a href=\"https:\/\/actu.fr\/voix-du-jura\/\" target=\"_blank\" rel=\"noopener\">Jurassien<\/a> Baptiste Pesenti en 2026, et d\u00e8s le <b>5 f\u00e9vrier 2026<\/b> pour le choc face \u00e0 l\u2019Irlande en ouverture du <b>Tournoi des VI Nations<\/b>. \u00c0 28 ans, le deuxi\u00e8me ligne du <b>Stade Fran\u00e7ais<\/b> ne cesse de se montrer et de performer. \u00c0 la tr\u00eave, il figure avec son \u00e9quipe au cinqui\u00e8me rang de Top 14 et rejoindra en fin de saison la Section Paloise, co-leader du championnat. Bref, le<a href=\"https:\/\/actu.fr\/bourgogne-franche-comte\/saint-claude_39478\" target=\"_blank\" rel=\"noopener\"> Sanclaudien <\/a><b>Baptiste Pesenti<\/b> est propuls\u00e9 vers les hautes sph\u00e8res du rugby et \u00e7a, \u00e7a le fait \u00e0 nouveau r\u00eaver Bleus.<\/p>\n<p class=\" wall-content\">Le privil\u00e8ge de rev\u00eatir la tunique du <b>XV de France<\/b>, il y a eu droit pour la premi\u00e8re fois \u00e0 l\u2019automne 2020. Six s\u00e9lections plus tard, il a retrouv\u00e9 Marcoussis lors de l\u2019<b>Autumn Nations Cup 2025<\/b>, sans disputer la moindre minute. Son objectif est clair : il veut s\u2019affirmer dans le <b>groupe France<\/b> et vibrer au plus haut niveau mondial de l\u2019ovalie dans une s\u00e9lection aux dents longues.<\/p>\n<p class=\"ac-article-content__question wall-content\">Vous avez v\u00e9cu une premi\u00e8re partie de saison formidable avec le Stade Fran\u00e7ais et retrouver Marcoussis cet automne. C\u2019est une belle r\u00e9compense, quel est votre sentiment ?<\/p>\n<p class=\" wall-content\">\u00ab Apr\u00e8s une saison catastrophe l\u2019an dernier, tous les joueurs du Stade Fran\u00e7ais \u00e9taient sortis du radar des Bleus \u00e0 l\u2019exception de L\u00e9o Barr\u00e9. C\u2019est vrai qu\u2019entre la tourn\u00e9e en Argentine en 2024 o\u00f9 l\u2019on \u00e9tait plusieurs joueurs du Stade (Fran\u00e7ais) \u00e0 l\u2019ann\u00e9e d\u2019apr\u00e8s, o\u00f9 il ne restait que L\u00e9o, cela prouve que les s\u00e9lections d\u00e9pendent aussi des r\u00e9sultats des clubs.<\/p>\n<p class=\" wall-content\">Cela marche toujours comme \u00e7a. Cette ann\u00e9e, on est plus performants, on joue le haut du tableau donc on est plus en lumi\u00e8re. Personnellement, cela m\u2019a remis dans les radars de la s\u00e9lection, j\u2019en suis tr\u00e8s heureux et je vais tout faire pour y rester surtout avec les VI Nations qui arrivent. \u00bb<\/p>\n<p class=\"ac-article-content__question wall-content\">Les VI Nations arrivent, on peut imaginer que votre objectif est de pouvoir y participer ?<\/p>\n<p class=\" wall-content\">\u00ab Le prochain objectif c\u2019est le Tournoi des VI Nations, c\u2019est s\u00fbr. C\u2019est important de faire de bonnes performances en club pour pouvoir y postuler. La concurrence est rude et pas qu\u2019\u00e0 mon poste. Il y a \u00e9norm\u00e9ment de bons joueurs, il faudra \u00eatre bon, donc je sais ce qu\u2019il me reste \u00e0 faire. Je me souviens de ma premi\u00e8re s\u00e9lection, c\u2019\u00e9tait en 2020, contre l\u2019Italie au Stade de France : on \u00e9tait en plein Covid.<\/p>\n<p class=\" wall-content\">Mon second match \u00e9tait \u00e0 Twickenham contre l\u2019Angleterre, mais les deux matchs se sont jou\u00e9s \u00e0 huis clos. On en ressort mitig\u00e9 dans un sens et c\u2019est un petit regret. Depuis, je m\u2019accroche \u00e0 l\u2019id\u00e9e de pouvoir revenir pour aller go\u00fbter au Stade de France plein avec tous les supporters. \u00bb<\/p>\n<p>Votre r\u00e9gion, votre actu !<\/p>\n<p>Recevez chaque jour les infos qui comptent pour vous.<\/p>\n<p>\t<a href=\"https:\/\/actu.fr\/newsletter\" class=\"ac-btn ac-btn--corner ac-btn--medium ac-btn--blue800\" target=\"_blank\" rel=\"noopener\">S&rsquo;incrire<\/a><\/p>\n<p class=\"ac-article-content__question wall-content\">Qu\u2019est ce qui a chang\u00e9 entre la saison derni\u00e8re et celle en cours ?<\/p>\n<p class=\" wall-content\">\u00ab Toutes les grosses \u00e9curies ont des ann\u00e9es sans. L\u2019an dernier on n\u2019a pas forc\u00e9ment eu beaucoup de chance avec les blessures, notamment en premi\u00e8re ligne, alors que la m\u00eal\u00e9e et la conqu\u00eate sont nos forces. Cette ann\u00e9e, on est un peu plus \u00e9pargn\u00e9s. On a retrouv\u00e9 notre conqu\u00eate et notre jeu d\u2019avants. On s\u2019\u00e9tait dit qu\u2019on devait aussi un peu plus jouer et depuis l\u2019intersaison on a un peu fait une fixette sur la production du jeu et l\u2019attaque.<\/p>\n<p class=\" wall-content\">On prend du plaisir \u00e0 se faire plus de passes et jouer avec le ballon, \u00e7a fonctionne bien, \u00e7a fait du bien. On a du caract\u00e8re, on a envie de jouer ensemble : c\u2019est le jour et la nuit avec la saison pass\u00e9e. \u00c0 titre personnel, je ne me suis jamais senti aussi bien, physiquement, mentalement et j\u2019ai l\u2019exp\u00e9rience. \u00c7a me challenge pour la suite et replace mes ambitions au plus haut. \u00c0 court terme j\u2019esp\u00e8re partir du Stade avec la Challenge Cup. L\u2019\u00e9quipe de France reste dans un coin de la t\u00eate\u2026 et bien s\u00fbr le Brennus me fait r\u00eaver. \u00bb<\/p>\n<p class=\"ac-article-content__question wall-content\">Fin novembre, vous avez justement sign\u00e9 \u00e0 la Section Paloise, co-leader du championnat. Pourquoi ce choix ?<\/p>\n<p class=\" wall-content\">\u00ab Je suis ravi de mon parcours au Stade Fran\u00e7ais, mais Pau c\u2019est un club qui ne cesse pas de progresser, qui monte vers les sommets et je suis impatient de rentrer dans le B\u00e9arn. Au d\u00e9part, j\u2019\u00e9tais plut\u00f4t parti pour prolonger \u00e0 Paris, mais on n\u2019\u00e9tait pas d\u2019accord sur tout et \u00e0 l\u2019intersaison Bayonne et Pau sont venus \u00e0 la charge.<\/p>\n<p class=\" wall-content\">La Section c\u2019est un club dans lequel je me suis plu pendant cinq ans (2016-2021). Les deux clubs sont ambitieux et c\u2019\u00e9tait dur de trancher, on mesure tout et ma d\u00e9cision \u00e9tait d\u2019y rentrer. C\u2019est un peu la maison. J\u2019y ai mes marques. Pau me permet aussi de me rapprocher des Bleus en jouant le haut de tableau du Top\u00a014. \u00bb<\/p>\n<p class=\"ac-article-content__question wall-content\">Quels sont vos liens avec Saint-Claude aujourd\u2019hui ?<\/p>\n<p class=\" wall-content\">\u00ab Je suis parrain du Tournoi de la pipe chaque ann\u00e9e, m\u00eame si je ne peux pas forc\u00e9ment y assister \u00e0 chaque fois. Je suis l\u2019actualit\u00e9 du FCSC et j\u2019\u00e9tais aux 125\u00a0ans du club le 30\u00a0ao\u00fbt dernier. \u00c7a m\u2019a fait plaisir de revenir. J\u2019ai toujours des contacts. Mon p\u00e8re y a toujours des amis et aime assister aux matchs. Saint-Claude reste le premier club, le club familial : l\u00e0 o\u00f9 tout a commenc\u00e9. \u00bb<\/p>\n<p class=\" wall-content\">Personnalisez votre actualit\u00e9 en ajoutant vos villes et m\u00e9dias en favori avec <a href=\"https:\/\/moncompte.actu.fr\" title=\"D\u00e9couvez Mon Actu\" rel=\"nofollow noopener\" data-trk=\"{&quot;cta&quot;:{&quot;action&quot;:&quot;https:\\\/\\\/moncompte.actu.fr&quot;,&quot;category&quot;:&quot;mon compte&quot;,&quot;from&quot;:&quot;article footer&quot;,&quot;name&quot;:&quot;Mon actu&quot;,&quot;type&quot;:&quot;cta&quot;}}\" target=\"_blank\">Mon Actu<\/a>.<\/p>\n","protected":false},"excerpt":{"rendered":"Par Augustin Thiefaine Publi\u00e9 le 30 d\u00e9c. 2025 \u00e0 18h16 Fouler le gazon v\u00eatu du maillot tricolore :&hellip;\n","protected":false},"author":2,"featured_media":633413,"comment_status":"","ping_status":"","sticky":false,"template":"","format":"standard","meta":{"footnotes":""},"categories":[1416],"tags":[1011,27,479,1468,6107,60],"class_list":{"0":"post-633412","1":"post","2":"type-post","3":"status-publish","4":"format-standard","5":"has-post-thumbnail","7":"category-rugby","8":"tag-fr","9":"tag-france","10":"tag-rugby","11":"tag-rugby-football","12":"tag-rugby-international","13":"tag-sports"},"share_on_mastodon":{"url":"https:\/\/pubeurope.com\/@fr\/115817671818694964","error":""},"_links":{"self":[{"href":"https:\/\/www.europesays.com\/fr\/wp-json\/wp\/v2\/posts\/633412","targetHints":{"allow":["GET"]}}],"collection":[{"href":"https:\/\/www.europesays.com\/fr\/wp-json\/wp\/v2\/posts"}],"about":[{"href":"https:\/\/www.europesays.com\/fr\/wp-json\/wp\/v2\/types\/post"}],"author":[{"embeddable":true,"href":"https:\/\/www.europesays.com\/fr\/wp-json\/wp\/v2\/users\/2"}],"replies":[{"embeddable":true,"href":"https:\/\/www.europesays.com\/fr\/wp-json\/wp\/v2\/comments?post=633412"}],"version-history":[{"count":0,"href":"https:\/\/www.europesays.com\/fr\/wp-json\/wp\/v2\/posts\/633412\/revisions"}],"wp:featuredmedia":[{"embeddable":true,"href":"https:\/\/www.europesays.com\/fr\/wp-json\/wp\/v2\/media\/633413"}],"wp:attachment":[{"href":"https:\/\/www.europesays.com\/fr\/wp-json\/wp\/v2\/media?parent=633412"}],"wp:term":[{"taxonomy":"category","embeddable":true,"href":"https:\/\/www.europesays.com\/fr\/wp-json\/wp\/v2\/categories?post=633412"},{"taxonomy":"post_tag","embeddable":true,"href":"https:\/\/www.europesays.com\/fr\/wp-json\/wp\/v2\/tags?post=633412"}],"curies":[{"name":"wp","href":"https:\/\/api.w.org\/{rel}","templated":true}]}}