{"id":633416,"date":"2026-01-01T03:20:11","date_gmt":"2026-01-01T03:20:11","guid":{"rendered":"https:\/\/www.europesays.com\/fr\/633416\/"},"modified":"2026-01-01T03:20:11","modified_gmt":"2026-01-01T03:20:11","slug":"cyclisme-apres-larret-darkea","status":"publish","type":"post","link":"https:\/\/www.europesays.com\/fr\/633416\/","title":{"rendered":"Cyclisme : apr\u00e8s l&rsquo;arr\u00eat d&rsquo;Ark\u00e9a"},"content":{"rendered":"<p>                    Par<br \/>\n        <strong><br \/>\n            <a href=\"https:\/\/actu.fr\/auteur\/pascal-cayeux\" title=\"Consulter tous les articles de Pascal Cayeux\" target=\"_blank\" rel=\"noopener\">Pascal Cayeux<\/a><br \/>\n                    <\/strong><\/p>\n<p>        Publi\u00e9 le<\/p>\n<p>            31 d\u00e9c. 2025 \u00e0 12h04        <\/p>\n<p>On ne verra plus circuler dans les rues de <a href=\"https:\/\/actu.fr\/bretagne\/dinan_22050\" target=\"_blank\" rel=\"noopener\">Dinan (C\u00f4tes-d\u2019Armor)<\/a> la voiture aux couleurs de l\u2019\u00e9quipe cycliste <b>Ark\u00e9a \u2013 B &amp; B H\u00f4tels<\/b> avec<a href=\"https:\/\/actu.fr\/bretagne\/dinan_22050\/cyclisme-derniere-echappee-darnaud-gerard_19140422.html\" target=\"_blank\" rel=\"noopener\"> Arnaud G\u00e9rard <\/a>\u00e0 son volant, comme cela pouvait parfois arriver entre deux courses. La seule \u00e9quipe professionnelle bretonne ne repartira pas pour une nouvelle saison apr\u00e8s deux d\u00e9cennies pass\u00e9es sur les routes des plus grandes \u00e9preuves du World Tour.<\/p>\n<p class=\" wall-content\">Faute d\u2019avoir trouv\u00e9 de nouveaux partenaires financiers apr\u00e8s le retrait de ses deux principaux sponsors, la formation que dirigeait <b>Emmanuel Hubert <\/b>a d\u00fb jeter l\u2019\u00e9ponge. Elle employait <b>150 salari\u00e9s<\/b>.<\/p>\n<p class=\" wall-content\">Arnaud G\u00e9rard y occupait depuis 2019 un poste de<b> directeur sportif,<\/b> reconversion logique apr\u00e8s sa carri\u00e8re de coureur professionnel d\u00e9but\u00e9e en 2007 \u00e0 23\u00a0ans, apr\u00e8s, notamment, un titre de <b>champion du monde sur route<\/b> chez les juniors en 2002. Mais le Dinannais de <b>41\u00a0ans<\/b> a d\u00fb lui aussi se rendre \u00e0 l\u2019\u00e9vidence.<\/p>\n<p>Des contacts mais sans suite<\/p>\n<p class=\" wall-content\">\u00ab Depuis le d\u00e9but de l\u2019ann\u00e9e, on se doutait que ce serait compliqu\u00e9. Mais apr\u00e8s un bon Tour de France, on a esp\u00e9r\u00e9 qu\u2019Emmanuel retrouve de nouveaux soutiens financiers \u00bb. Cela n\u2019a pas \u00e9t\u00e9 le cas.<\/p>\n<p class=\" wall-content\">Arnaud G\u00e9rard s\u2019est donc cherch\u00e9 un nouveau point de chute dans le v\u00e9lo, \u00ab je m\u2019\u00e9tais donn\u00e9 jusqu\u2019\u00e0 la fin du mois d\u2019ao\u00fbt pour retrouver. J\u2019ai eu des contacts y compris \u00e0 l\u2019\u00e9tranger, mais rien ne s\u2019est concr\u00e9tis\u00e9 \u00bb. Comme pour <b>cinq autres des neuf directeurs sportifs<\/b> de sa formation. \u00ab C\u2019est compliqu\u00e9 de trouver dans ce m\u00e9tier, parce que les D.S. en place restent souvent longtemps dans leur \u00e9quipe \u00bb.<\/p>\n<p class=\" wall-content\">Le vainqueur de la Polynormande en 2008 s\u2019est donc mis en qu\u00eate d\u2019un nouveau projet professionnel. Quitte \u00e0 prendre un virage \u00e0 180 \u00b0. C\u2019est dans<b> l\u2019immobilier<\/b> qu\u2019il s\u2019est trouv\u00e9 un nouveau d\u00e9bouch\u00e9. Il est depuis quelques jours <b>n\u00e9gociateur<\/b> \u00e0 Dinan pour le compte de l\u2019agence Soquet, \u00ab avec un statut d\u2019agent commercial ind\u00e9pendant. Je d\u00e9pends de l\u2019agence, mais je garde une certaine autonomie \u00bb, r\u00e9sume-t-il.<\/p>\n<p>Pas un renoncement d\u00e9finitif<\/p>\n<p class=\" wall-content\">Cette reconversion inattendue ne signifie pas qu\u2019il tourne une bonne fois pour toutes le dos au monde du v\u00e9lo. \u00ab Ce n\u2019est pas un renoncement d\u00e9finitif, on ne sait pas de quoi demain sera fait \u00bb, Arnaud G\u00e9rard se laissant la possibilit\u00e9, si une <b>opportunit\u00e9<\/b> venait \u00e0 se pr\u00e9senter, de retourner \u00ab dans un milieu que je connais bien et que je ma\u00eetrise \u00bb, qui reste sa passion.<\/p>\n<p>Votre r\u00e9gion, votre actu !<\/p>\n<p>Recevez chaque jour les infos qui comptent pour vous.<\/p>\n<p>\t<a href=\"https:\/\/actu.fr\/newsletter\" class=\"ac-btn ac-btn--corner ac-btn--medium ac-btn--blue800\" target=\"_blank\" rel=\"noopener\">S&rsquo;incrire<\/a><\/p>\n<p class=\" wall-content\">Il n\u2019exclut pas non plus, par exemple, de consacrer quelques jours, \u00ab par ci \u2013 par l\u00e0 \u00bb, dans des \u00e9quipes qui auraient besoin ponctuellement de ses services, ou au sein<b> d\u2019organisations de courses<\/b>, \u00ab le Tour de France, par exemple, a besoin de chauffeurs, mais \u00e7a peut \u00eatre aussi dans d\u2019autres r\u00f4les sur d\u2019autres courses \u00bb.<\/p>\n<p class=\" wall-content\">Pour cela, des am\u00e9nagements dans son activit\u00e9 immobili\u00e8re seront possibles, une flexibilit\u00e9 anticip\u00e9e avec l\u2019agence pour laquelle il collabore, en toute connaissance de cause r\u00e9ciproque.<\/p>\n<p>App\u00e9tence, comp\u00e9tence, courage et volont\u00e9<\/p>\n<p class=\" wall-content\">Mais il ne s\u2019agirait pas de croire non plus que l\u2019ancien pro s\u2019est lanc\u00e9 dans l\u2019immo\u2019 par d\u00e9faut ou pire par d\u00e9pit.<\/p>\n<p class=\" wall-content\">\u00ab Non, non, quand je pensais reconversion, je pensais immobilier, vraiment. Avec mon \u00e9pouse, on a men\u00e9 quelques projets pour nous, j\u2019ai toujours aim\u00e9 cette activit\u00e9 et \u00e0 force, je m\u2019y connais un peu \u00bb, assure-t-il sans jamais se d\u00e9partir du sourire et de la bonne humeur qui le caract\u00e9rise.<\/p>\n<p class=\" wall-content\">C\u2019est en achetant une maison avec l\u2019agence Soquet Immobilier que le rapprochement s\u2019est op\u00e9r\u00e9. \u00ab Je connaissais Arnaud de nom, explique <b>Alain Oger, l\u2019un des deux associ\u00e9s de l\u2019agence<\/b>. Je lui ai vendu un bien, dont j\u2019ai suivi avec lui la r\u00e9novation. On s\u2019est bien entendu, mais surtout, j\u2019ai senti chez Arnaud une v\u00e9ritable app\u00e9tence et des comp\u00e9tences pour cette profession. On cherchait sans v\u00e9ritablement chercher un agent commercial, mais on a saisi cette opportunit\u00e9. C\u2019est du gagnant \u2013 gagnant. On lui offre une possibilit\u00e9 de reconversion. Et pour nous, sa notori\u00e9t\u00e9 peut \u00eatre un atout, en plus des valeurs de courage et de volont\u00e9 que v\u00e9hicule son sport\u00a0\u00bb, et auxquelles un patron ne peut pas \u00eatre indiff\u00e9rent.<\/p>\n<p class=\" wall-content\">Arnaud G\u00e9rard, lui, est d\u00e9j\u00e0 pleinement engag\u00e9 dans sa nouvelle activit\u00e9. S\u2019il n\u2019a pas encore vendu de maison, il a rentr\u00e9 ses premiers mandats (biens \u00e0 vendre). Et affiche d\u00e9j\u00e0 sa volont\u00e9 de r\u00e9ussir :<\/p>\n<blockquote class=\"ac-article-quote wall-content\">\n<p>\u00ab C\u2019est un challenge \u00e0 relever. Je serai dans l\u2019immo\u2019 comme dans le v\u00e9lo, avec l\u2019envie de me battre et d\u2019\u00eatre le meilleur \u00bb<\/p>\n<p>Arnaud G\u00e9rard, ancien D.S. Ark\u00e9a \u2013 B &amp; B H\u00f4tels<\/p><\/blockquote>\n<p class=\" wall-content\">S\u2019il sait devoir encore apprendre sur certains aspects du m\u00e9tier, juridiques notamment, \u00ab \u00e7a ne me fait pas peur \u00bb, affirme-t-il. Loin de ressasser son pass\u00e9, \u00ab pas mon genre \u00bb, il pr\u00e9f\u00e8re regarder devant lui.<\/p>\n<p class=\" wall-content\">Personnalisez votre actualit\u00e9 en ajoutant vos villes et m\u00e9dias en favori avec <a href=\"https:\/\/moncompte.actu.fr\" title=\"D\u00e9couvez Mon Actu\" rel=\"nofollow noopener\" data-trk=\"{&quot;cta&quot;:{&quot;action&quot;:&quot;https:\\\/\\\/moncompte.actu.fr&quot;,&quot;category&quot;:&quot;mon compte&quot;,&quot;from&quot;:&quot;article footer&quot;,&quot;name&quot;:&quot;Mon actu&quot;,&quot;type&quot;:&quot;cta&quot;}}\" target=\"_blank\">Mon Actu<\/a>.<\/p>\n","protected":false},"excerpt":{"rendered":"Par Pascal Cayeux Publi\u00e9 le 31 d\u00e9c. 2025 \u00e0 12h04 On ne verra plus circuler dans les rues&hellip;\n","protected":false},"author":2,"featured_media":633417,"comment_status":"","ping_status":"","sticky":false,"template":"","format":"standard","meta":{"footnotes":""},"categories":[1411],"tags":[1154,207,1011,27,1116,60,60010,208],"class_list":{"0":"post-633416","1":"post","2":"type-post","3":"status-publish","4":"format-standard","5":"has-post-thumbnail","7":"category-cyclisme","8":"tag-cycling","9":"tag-cyclisme","10":"tag-fr","11":"tag-france","12":"tag-immobilier","13":"tag-sports","14":"tag-sports-dinan","15":"tag-velo"},"share_on_mastodon":{"url":"https:\/\/pubeurope.com\/@fr\/115817691540966378","error":""},"_links":{"self":[{"href":"https:\/\/www.europesays.com\/fr\/wp-json\/wp\/v2\/posts\/633416","targetHints":{"allow":["GET"]}}],"collection":[{"href":"https:\/\/www.europesays.com\/fr\/wp-json\/wp\/v2\/posts"}],"about":[{"href":"https:\/\/www.europesays.com\/fr\/wp-json\/wp\/v2\/types\/post"}],"author":[{"embeddable":true,"href":"https:\/\/www.europesays.com\/fr\/wp-json\/wp\/v2\/users\/2"}],"replies":[{"embeddable":true,"href":"https:\/\/www.europesays.com\/fr\/wp-json\/wp\/v2\/comments?post=633416"}],"version-history":[{"count":0,"href":"https:\/\/www.europesays.com\/fr\/wp-json\/wp\/v2\/posts\/633416\/revisions"}],"wp:featuredmedia":[{"embeddable":true,"href":"https:\/\/www.europesays.com\/fr\/wp-json\/wp\/v2\/media\/633417"}],"wp:attachment":[{"href":"https:\/\/www.europesays.com\/fr\/wp-json\/wp\/v2\/media?parent=633416"}],"wp:term":[{"taxonomy":"category","embeddable":true,"href":"https:\/\/www.europesays.com\/fr\/wp-json\/wp\/v2\/categories?post=633416"},{"taxonomy":"post_tag","embeddable":true,"href":"https:\/\/www.europesays.com\/fr\/wp-json\/wp\/v2\/tags?post=633416"}],"curies":[{"name":"wp","href":"https:\/\/api.w.org\/{rel}","templated":true}]}}