{"id":633426,"date":"2026-01-01T03:26:12","date_gmt":"2026-01-01T03:26:12","guid":{"rendered":"https:\/\/www.europesays.com\/fr\/633426\/"},"modified":"2026-01-01T03:26:12","modified_gmt":"2026-01-01T03:26:12","slug":"la-performance-vocale-originale-de-james-hetfield-sur-ride-the-lightning-etait-incroyable","status":"publish","type":"post","link":"https:\/\/www.europesays.com\/fr\/633426\/","title":{"rendered":"La performance vocale originale de James Hetfield sur Ride The Lightning \u00e9tait incroyable"},"content":{"rendered":"<p><strong>Dave Mustaine a r\u00e9enregistr\u00e9 Ride The Lightning sur le dernier album de <a href=\"https:\/\/www.metalzone.fr\/megadeth\/\" target=\"_blank\" rel=\"noopener\">Megadeth<\/a>, en hommage \u00e0 James Hetfield. Il salue une performance vocale qu\u2019il juge remarquable sur ce morceau embl\u00e9matique de <a href=\"https:\/\/www.metalzone.fr\/metallica\/\" target=\"_blank\" rel=\"noopener\">Metallica<\/a>.<\/strong><\/p>\n<p>Un hommage direct \u00e0 James Hetfield<\/p>\n<p>\u00c0 l\u2019approche de la sortie de Megadeth, ultime album du groupe pr\u00e9vu pour le 23 janvier 2026, Dave Mustaine a expliqu\u00e9 \u00e0 Guitar World (via <a href=\"https:\/\/blabbermouth.net\/news\/dave-mustaine-says-metallicas-ride-the-lightning-is-a-hell-of-a-song-james-hetfields-original-vocal-performance-was-really-tremendous\" target=\"_blank\" rel=\"noopener noreferrer\">Blabbermouth<\/a>) pourquoi il a choisi de rejouer Ride The Lightning, un titre auquel il avait contribu\u00e9 avant son d\u00e9part de Metallica en 1983.<\/p>\n<p>\u201cJe voulais simplement faire preuve de respect. C\u2019est un morceau exceptionnel, et la performance vocale originale de James \u00e9tait vraiment incroyable\u201d, d\u00e9clare Mustaine. Plus qu\u2019un clin d\u2019\u0153il nostalgique, il y voit une mani\u00e8re de boucler la boucle, tout en saluant ceux qu\u2019il consid\u00e8re encore comme d\u2019excellents musiciens : \u201cJames est un guitariste formidable, et Lars [Ulrich] a beaucoup apport\u00e9 \u00e0 l\u2019\u00e9criture \u00e0 l\u2019\u00e9poque.\u201d<\/p>\n<p>Le titre a \u00e9t\u00e9 l\u00e9g\u00e8rement acc\u00e9l\u00e9r\u00e9 et r\u00e9arrang\u00e9 pour mieux s\u2019int\u00e9grer \u00e0 l\u2019album, mais aucun membre de Metallica n\u2019a \u00e9t\u00e9 contact\u00e9. Mustaine pr\u00e9cise : \u201cCe n\u2019est pas une reprise \u00e0 proprement parler, puisque je l\u2019ai co\u00e9crite avec James. Je n\u2019ai pas voulu faire passer de message cach\u00e9, je voulais juste faire les choses avec respect.\u201d<\/p>\n<p>Megadeth s\u2019appr\u00eate \u00e0 tirer sa r\u00e9v\u00e9rence<\/p>\n<p>Cette nouvelle version de Ride The Lightning appara\u00eet en titre bonus sur Megadeth, un disque qui marque la fin de plus de 40 ans de carri\u00e8re. Mustaine, aujourd\u2019hui frein\u00e9 par des douleurs chroniques \u00e0 la main, a r\u00e9cemment confi\u00e9 ne plus savoir combien de temps il pourrait encore jouer \u00e0 son meilleur niveau.<\/p>\n<p>L\u2019album sera accompagn\u00e9 d\u2019un documentaire, Behind The Mask, projet\u00e9 le 22 janvier dans plus de 1 000 cin\u00e9mas \u00e0 travers le monde. Une tourn\u00e9e d\u2019adieu intitul\u00e9e This Was Our Life suivra, avec des dates confirm\u00e9es notamment au <a href=\"https:\/\/www.metalzone.fr\/hellfest\/\" target=\"_blank\" rel=\"noopener\">Hellfest<\/a> et au <a href=\"https:\/\/www.metalzone.fr\/graspop-metal-meeting\/\" target=\"_blank\" rel=\"noopener\">Graspop Metal Meeting<\/a> \u00e0 l\u2019\u00e9t\u00e9 2026.<\/p>\n<ol>\n<li>Tipping Point<\/li>\n<li>I Don\u2019t Care<\/li>\n<li>Hey, God?!<\/li>\n<li>Let There Be Shred<\/li>\n<li>Puppet Parade<\/li>\n<li>Another Bad Day<\/li>\n<li>Made To Kill<\/li>\n<li>Obey The Call<\/li>\n<li>I Am War<\/li>\n<li>The Last Note<\/li>\n<li>Ride The Lightning (bonus track)<\/li>\n<\/ol>\n","protected":false},"excerpt":{"rendered":"Dave Mustaine a r\u00e9enregistr\u00e9 Ride The Lightning sur le dernier album de Megadeth, en hommage \u00e0 James Hetfield.&hellip;\n","protected":false},"author":2,"featured_media":137089,"comment_status":"","ping_status":"","sticky":false,"template":"","format":"standard","meta":{"footnotes":""},"categories":[1355],"tags":[58,59,1011,27,1361,873],"class_list":{"0":"post-633426","1":"post","2":"type-post","3":"status-publish","4":"format-standard","5":"has-post-thumbnail","7":"category-musique","8":"tag-divertissement","9":"tag-entertainment","10":"tag-fr","11":"tag-france","12":"tag-music","13":"tag-musique"},"share_on_mastodon":{"url":"https:\/\/pubeurope.com\/@fr\/115817715094371179","error":""},"_links":{"self":[{"href":"https:\/\/www.europesays.com\/fr\/wp-json\/wp\/v2\/posts\/633426","targetHints":{"allow":["GET"]}}],"collection":[{"href":"https:\/\/www.europesays.com\/fr\/wp-json\/wp\/v2\/posts"}],"about":[{"href":"https:\/\/www.europesays.com\/fr\/wp-json\/wp\/v2\/types\/post"}],"author":[{"embeddable":true,"href":"https:\/\/www.europesays.com\/fr\/wp-json\/wp\/v2\/users\/2"}],"replies":[{"embeddable":true,"href":"https:\/\/www.europesays.com\/fr\/wp-json\/wp\/v2\/comments?post=633426"}],"version-history":[{"count":0,"href":"https:\/\/www.europesays.com\/fr\/wp-json\/wp\/v2\/posts\/633426\/revisions"}],"wp:featuredmedia":[{"embeddable":true,"href":"https:\/\/www.europesays.com\/fr\/wp-json\/wp\/v2\/media\/137089"}],"wp:attachment":[{"href":"https:\/\/www.europesays.com\/fr\/wp-json\/wp\/v2\/media?parent=633426"}],"wp:term":[{"taxonomy":"category","embeddable":true,"href":"https:\/\/www.europesays.com\/fr\/wp-json\/wp\/v2\/categories?post=633426"},{"taxonomy":"post_tag","embeddable":true,"href":"https:\/\/www.europesays.com\/fr\/wp-json\/wp\/v2\/tags?post=633426"}],"curies":[{"name":"wp","href":"https:\/\/api.w.org\/{rel}","templated":true}]}}