{"id":633437,"date":"2026-01-01T03:33:11","date_gmt":"2026-01-01T03:33:11","guid":{"rendered":"https:\/\/www.europesays.com\/fr\/633437\/"},"modified":"2026-01-01T03:33:11","modified_gmt":"2026-01-01T03:33:11","slug":"donald-trump-annonce-retirer-la-garde-nationale-de-chicago-portland-et-los-angeles","status":"publish","type":"post","link":"https:\/\/www.europesays.com\/fr\/633437\/","title":{"rendered":"Donald Trump annonce retirer la Garde nationale de Chicago, Portland et Los Angeles"},"content":{"rendered":"<p>\n    La Cour supr\u00eame am\u00e9ricaine avait inflig\u00e9 le 23 d\u00e9cembre un rare revers \u00e0 Donald Trump en bloquant le d\u00e9ploiement de la Garde nationale \u00e0 Chicago, voulu par le pr\u00e9sident contre l\u2019avis des autorit\u00e9s locales d\u00e9mocrates.<\/p>\n<p class=\"fig-paragraph\">Donald Trump a annonc\u00e9 mercredi retirer\u00a0<a href=\"http:\/\/www.lefigaro.fr\/flash-actu\/etats-unis-un-juge-federal-ordonne-le-retrait-de-la-garde-nationale-a-los-angeles-20251210\" target=\"_blank\" data-fig-type=\"NewsFlash\" rel=\"noopener\" data-gtm-custom-categorie=\"navigation\" data-gtm-custom-action=\"crossclick\" data-gtm-custom-label=\"Contextuel\" data-gtm-event=\"customEventSPE\" data-fig-domain=\"LEFIGARO\">la Garde nationale<\/a>, une unit\u00e9 de r\u00e9serve de l\u2019arm\u00e9e am\u00e9ricaine, de Chicago, Portland et Los Angeles, des d\u00e9ploiements largement contest\u00e9s en justice. \u00abNous retirons la Garde nationale de Chicago, Los Angeles et Portland\u00bb, a-t-il annonc\u00e9 sur son r\u00e9seau Truth Social. \u00abLe crime a \u00e9t\u00e9 consid\u00e9rablement r\u00e9duit (&#8230;). Nous reviendrons, peut-\u00eatre sous une forme diff\u00e9rente et plus forte (&#8230;), ce n\u2019est qu\u2019une question de temps!\u00bb, a-t-il ajout\u00e9.<\/p>\n<p class=\"fig-paragraph\">Le d\u00e9ploiement des militaires de la Garde nationale avait \u00e9t\u00e9 bloqu\u00e9 par la Cour supr\u00eame \u00e0 Chicago et par des juges f\u00e9d\u00e9raux \u00e0 Los Angeles et Portland. Depuis plusieurs mois, Donald Trump a ordonn\u00e9 le d\u00e9ploiement de gardes nationaux dans ces villes d\u00e9mocrates, ainsi qu\u2019\u00e0 Memphis, pour lutter contre la criminalit\u00e9 et afin d\u2019appuyer la police de l\u2019immigration. Ces d\u00e9ploiements de militaires, form\u00e9s pour intervenir lors de catastrophes naturelles aux \u00c9tats-Unis mais qui peuvent \u00e9galement combattre \u00e0 l\u2019\u00e9tranger, ont \u00e9t\u00e9 contest\u00e9s en justice par ses opposants.<\/p>\n<p>                                            <a class=\"fig-a11y-skip\" href=\"#fig-a11y-skip-main-inarticle\" data-module=\"a11y-skip\" data-context=\"was @visible\"><br \/>\n    Passer la publicit\u00e9<br \/>\n<\/a>            <\/p>\n<p>                                            Man\u0153uvre jug\u00e9e autoritaire par les d\u00e9mocrates<\/p>\n<p class=\"fig-paragraph\">Les d\u00e9mocrates d\u00e9non\u00e7aient une man\u0153uvre autoritaire outrepassant les limites du pouvoir pr\u00e9sidentiel &#8211; la Garde nationale de chaque \u00c9tat est sous la double tutelle du pr\u00e9sident et du gouverneur local. Le 23 d\u00e9cembre, la Cour supr\u00eame a jug\u00e9 que le gouvernement n\u2019avait pas fourni de base l\u00e9gale justifiant son d\u00e9ploiement \u00e0 Chicago, qui n\u2019est autoris\u00e9 en droit am\u00e9ricain que dans des circonstances exceptionnelles.<\/p>\n<p class=\"fig-paragraph\">Le \u00abPosse Comitatus Act\u00bb, une loi de 1878, interdit d\u2019utiliser des militaires pour mener des op\u00e9rations de maintien de l\u2019ordre. D\u00e8s la mi-d\u00e9cembre, l\u2019administration Trump avait annonc\u00e9 le retrait d\u2019une partie des soldats envoy\u00e9s \u00e0 Portland, Los Angeles et Chicago. Mais la Garde nationale conservait une pr\u00e9sence r\u00e9siduelle dans ces villes.<\/p>\n","protected":false},"excerpt":{"rendered":"La Cour supr\u00eame am\u00e9ricaine avait inflig\u00e9 le 23 d\u00e9cembre un rare revers \u00e0 Donald Trump en bloquant le&hellip;\n","protected":false},"author":2,"featured_media":633438,"comment_status":"","ping_status":"","sticky":false,"template":"","format":"standard","meta":{"footnotes":""},"categories":[5],"tags":[1111,47,11,1109,1112,118,1108,107,1106,1107,1011,27,1110,1114,14,12,1113,316,28],"class_list":{"0":"post-633437","1":"post","2":"type-post","3":"status-publish","4":"format-standard","5":"has-post-thumbnail","7":"category-international","8":"tag-actu","9":"tag-actualite","10":"tag-actualites","11":"tag-breves","12":"tag-depeches","13":"tag-faits-divers","14":"tag-fil","15":"tag-fil-info","16":"tag-flash","17":"tag-flash-actu","18":"tag-fr","19":"tag-france","20":"tag-informations","21":"tag-infos","22":"tag-international","23":"tag-news","24":"tag-nouvelles","25":"tag-politique","26":"tag-world"},"share_on_mastodon":{"url":"https:\/\/pubeurope.com\/@fr\/115817742580427886","error":""},"_links":{"self":[{"href":"https:\/\/www.europesays.com\/fr\/wp-json\/wp\/v2\/posts\/633437","targetHints":{"allow":["GET"]}}],"collection":[{"href":"https:\/\/www.europesays.com\/fr\/wp-json\/wp\/v2\/posts"}],"about":[{"href":"https:\/\/www.europesays.com\/fr\/wp-json\/wp\/v2\/types\/post"}],"author":[{"embeddable":true,"href":"https:\/\/www.europesays.com\/fr\/wp-json\/wp\/v2\/users\/2"}],"replies":[{"embeddable":true,"href":"https:\/\/www.europesays.com\/fr\/wp-json\/wp\/v2\/comments?post=633437"}],"version-history":[{"count":0,"href":"https:\/\/www.europesays.com\/fr\/wp-json\/wp\/v2\/posts\/633437\/revisions"}],"wp:featuredmedia":[{"embeddable":true,"href":"https:\/\/www.europesays.com\/fr\/wp-json\/wp\/v2\/media\/633438"}],"wp:attachment":[{"href":"https:\/\/www.europesays.com\/fr\/wp-json\/wp\/v2\/media?parent=633437"}],"wp:term":[{"taxonomy":"category","embeddable":true,"href":"https:\/\/www.europesays.com\/fr\/wp-json\/wp\/v2\/categories?post=633437"},{"taxonomy":"post_tag","embeddable":true,"href":"https:\/\/www.europesays.com\/fr\/wp-json\/wp\/v2\/tags?post=633437"}],"curies":[{"name":"wp","href":"https:\/\/api.w.org\/{rel}","templated":true}]}}