{"id":633447,"date":"2026-01-01T03:42:11","date_gmt":"2026-01-01T03:42:11","guid":{"rendered":"https:\/\/www.europesays.com\/fr\/633447\/"},"modified":"2026-01-01T03:42:11","modified_gmt":"2026-01-01T03:42:11","slug":"des-bulles-de-nature-pour-loisirs-et-detente-dans-les-parcs-et-jardins","status":"publish","type":"post","link":"https:\/\/www.europesays.com\/fr\/633447\/","title":{"rendered":"Des bulles de nature pour loisirs et d\u00e9tente dans les parcs et jardins"},"content":{"rendered":"<p>En cette p\u00e9riode de vacances scolaires, alors que le beau temps pointe le bout de son nez, pourquoi ne pas profiter des espaces verdoyants de la commune de Mauguio Carnon ?<\/p>\n<p>Le Parc Paysager, situ\u00e9 face \u00e0 la Plaine des Sports, s\u2019\u00e9tend sur plus de trois hectares. V\u00e9ritable poumon vert de la ville, il est \u00e9quip\u00e9 de bancs et de tables de pique-nique. Les familles peuvent \u00e9galement profiter de structures de jeux sp\u00e9cialement con\u00e7ues pour les enfants \u00e2g\u00e9s de 3 \u00e0 6 ans. Juste en face, la Plaine des Sports, qui couvre plus de dix hectares, propose de nombreuses installations multisports : jeu de boules, BMX, fitness, volley-ball et bien d\u2019autres disciplines. Ce vaste complexe est enti\u00e8rement d\u00e9di\u00e9 aux pratiques sportives dans un cadre verdoyant.<\/p>\n<p><b>Bosquet et Motte : patrimoine pittoresque<\/b><\/p>\n<p>Autre lieu embl\u00e9matique : le Jardin de la Motte. Plus grande motte castrale conserv\u00e9e dans le midi de la France, il constitue un v\u00e9ritable symbole de l\u2019identit\u00e9 melgorienne. Ce site a re\u00e7u de nombreuses distinctions : class\u00e9 au titre de la protection des sites naturels en 1992, inscrit aux monuments historiques en 2008, laur\u00e9at du prix r\u00e9gional des Rubans du Patrimoine en 2010 et labellis\u00e9 Jardin Remarquable en 2014.<\/p>\n<p>Construite vers 960, la motte f\u00e9odale est \u00e0 l\u2019origine de l\u2019organisation circulaire et du d\u00e9veloppement \u00e9conomique de la ville. En 1820, la municipalit\u00e9 en fait l\u2019acquisition.<\/p>\n<p>En 1890, l\u2019architecte Alphonse Gout\u00e8s dessine les plans du futur jardin, puis, en 1902, la commune d\u00e9cide d\u2019y construire un ch\u00e2teau d\u2019eau afin d\u2019alimenter le lavoir et les fontaines publiques.<\/p>\n<p>La motte devient alors un jardin public paysager \u00e0 la fran\u00e7aise, inspir\u00e9 du Square Planchon \u00e0 Montpellier ou du Jardin des Po\u00e8tes \u00e0 B\u00e9ziers. Parcouru de chemins et agr\u00e9ment\u00e9 d\u2019une grotte de rocaille typique du romantisme du XIXe si\u00e8cle, il offre un panorama exceptionnel depuis son belv\u00e9d\u00e8re, avec une vue sur le Pic Saint-Loup et la M\u00e9diterran\u00e9e. Au fil des ann\u00e9es, le jardin s\u2019est enrichi de somptueuses grilles en fonte et d\u2019une grande diversit\u00e9 d\u2019esp\u00e8ces v\u00e9g\u00e9tales m\u00e9diterran\u00e9ennes et exotiques. Il est ouvert au public tous les jours en hiver de 8 h \u00e0 17 h (ferm\u00e9 ce 1er janvier).<\/p>\n<p>Enfin, le Jardin du Bosquet, situ\u00e9 \u00e0 Carnon, est class\u00e9 site pittoresque depuis les ann\u00e9es 1930. Enti\u00e8rement r\u00e9habilit\u00e9 et rev\u00e9g\u00e9talis\u00e9 en 2022, ce v\u00e9ritable poumon vert de la station offre aujourd\u2019hui un lieu privil\u00e9gi\u00e9 de d\u00e9tente et de promenade.<\/p>\n<p>Correspondante Midi Libre : 07 84 54 03 80<\/p>\n","protected":false},"excerpt":{"rendered":"En cette p\u00e9riode de vacances scolaires, alors que le beau temps pointe le bout de son nez, pourquoi&hellip;\n","protected":false},"author":2,"featured_media":633448,"comment_status":"","ping_status":"","sticky":false,"template":"","format":"standard","meta":{"footnotes":""},"categories":[9599],"tags":[1111,11,70024,74194,872,1777,674,1011,27,7089,2208,12,2680,25,74195],"class_list":{"0":"post-633447","1":"post","2":"type-post","3":"status-publish","4":"format-standard","5":"has-post-thumbnail","7":"category-montpellier","8":"tag-actu","9":"tag-actualites","10":"tag-balades-et-randonnu00e9es","11":"tag-carnon","12":"tag-culture-et-loisirs","13":"tag-eu","14":"tag-europe","15":"tag-fr","16":"tag-france","17":"tag-herault","18":"tag-montpellier","19":"tag-news","20":"tag-occitanie","21":"tag-republique-francaise","22":"tag-sports-et-nature"},"share_on_mastodon":{"url":"https:\/\/pubeurope.com\/@fr\/115817778167447795","error":""},"_links":{"self":[{"href":"https:\/\/www.europesays.com\/fr\/wp-json\/wp\/v2\/posts\/633447","targetHints":{"allow":["GET"]}}],"collection":[{"href":"https:\/\/www.europesays.com\/fr\/wp-json\/wp\/v2\/posts"}],"about":[{"href":"https:\/\/www.europesays.com\/fr\/wp-json\/wp\/v2\/types\/post"}],"author":[{"embeddable":true,"href":"https:\/\/www.europesays.com\/fr\/wp-json\/wp\/v2\/users\/2"}],"replies":[{"embeddable":true,"href":"https:\/\/www.europesays.com\/fr\/wp-json\/wp\/v2\/comments?post=633447"}],"version-history":[{"count":0,"href":"https:\/\/www.europesays.com\/fr\/wp-json\/wp\/v2\/posts\/633447\/revisions"}],"wp:featuredmedia":[{"embeddable":true,"href":"https:\/\/www.europesays.com\/fr\/wp-json\/wp\/v2\/media\/633448"}],"wp:attachment":[{"href":"https:\/\/www.europesays.com\/fr\/wp-json\/wp\/v2\/media?parent=633447"}],"wp:term":[{"taxonomy":"category","embeddable":true,"href":"https:\/\/www.europesays.com\/fr\/wp-json\/wp\/v2\/categories?post=633447"},{"taxonomy":"post_tag","embeddable":true,"href":"https:\/\/www.europesays.com\/fr\/wp-json\/wp\/v2\/tags?post=633447"}],"curies":[{"name":"wp","href":"https:\/\/api.w.org\/{rel}","templated":true}]}}