{"id":633449,"date":"2026-01-01T03:44:00","date_gmt":"2026-01-01T03:44:00","guid":{"rendered":"https:\/\/www.europesays.com\/fr\/633449\/"},"modified":"2026-01-01T03:44:00","modified_gmt":"2026-01-01T03:44:00","slug":"montpellier-un-interne-en-pharmacie-de-27-ans-retrouve-mort-a-lhopital","status":"publish","type":"post","link":"https:\/\/www.europesays.com\/fr\/633449\/","title":{"rendered":"Montpellier : Un interne en pharmacie de 27 ans retrouv\u00e9 mort \u00e0 l&rsquo;h\u00f4pital"},"content":{"rendered":"<p class=\"mb-4 text-lg md:leading-8 break-words\"><strong>drame &#8211; Une enqu\u00eate est en cours. Une source proche du dossier \u00e9voque un suicide, mais la famille conteste cette version<\/strong><\/p>\n<p class=\"mb-4 text-lg md:leading-8 break-words\">Lundi, un interne au CHU de <a href=\"https:\/\/www.20minutes.fr\/montpellier\/?at_medium=RSS%20feed&amp;at_campaign=ynews&amp;utm_source=yahoo&amp;utm_medium=rss&amp;utm_campaign=news_feed&amp;utm_content=in_article_link\" rel=\"nofollow noopener\" target=\"_blank\" data-ylk=\"slk:Montpellier;elm:context_link;itc:0;sec:content-canvas\" class=\"link \">Montpellier<\/a> a \u00e9t\u00e9 retrouv\u00e9 mort lundi sur son lieu de travail, a annonc\u00e9 l&rsquo;h\u00f4pital dans un communiqu\u00e9. \u00ab\u00a0Le CHU de Montpellier a l\u2019immense tristesse d\u2019annoncer le d\u00e9c\u00e8s brutal d\u2019un interne en <a href=\"https:\/\/www.20minutes.fr\/dossier\/pharmacie?at_medium=RSS%20feed&amp;at_campaign=ynews&amp;utm_source=yahoo&amp;utm_medium=rss&amp;utm_campaign=news_feed&amp;utm_content=in_article_link\" rel=\"nofollow noopener\" target=\"_blank\" data-ylk=\"slk:pharmacie;elm:context_link;itc:0;sec:content-canvas\" class=\"link \">pharmacie<\/a> le lundi 29\u00a0d\u00e9cembre\u00a0\u00bb, pr\u00e9cise l\u2019\u00e9tablissement dans un communiqu\u00e9 mercredi, sans donner de pr\u00e9cision sur les causes et les circonstances du d\u00e9c\u00e8s.<\/p>\n<p class=\"mb-4 text-lg md:leading-8 break-words\">\u00ab Une enqu\u00eate est en cours \u00bb, ajoute le CHU et \u00ab toute les informations disponibles ont \u00e9t\u00e9 adress\u00e9es aux autorit\u00e9s comp\u00e9tentes, dans un souci de transparence et de coordination des actions dans ces contexte douloureux \u00bb. Un dispositif de soutien psychologique a \u00e9t\u00e9 mis en place.<\/p>\n<p>Une enqu\u00eate en cours<\/p>\n<p class=\"mb-4 text-lg md:leading-8 break-words\">Une source proche du dossier avait pr\u00e9c\u00e9demment indiqu\u00e9 qu&rsquo;il s&rsquo;agirait d&rsquo;un suicide \u00ab par absorption m\u00e9dicamenteuse \u00bb. N\u00e9anmoins la famille conteste formellement cette version aupr\u00e8s de l&rsquo;AFP, pr\u00e9cisant que le d\u00e9funt est d\u00e9c\u00e9d\u00e9 pendant sa garde \u00e0 l&rsquo;h\u00f4pital et l&rsquo;enqu\u00eate en cours d\u00e9terminera les causes exactes de son d\u00e9c\u00e8s. Contact\u00e9, le parquet de Montpellier n&rsquo;avait pas encore r\u00e9pondu \u00e0 cette heure.<\/p>\n<p class=\"mb-4 text-lg md:leading-8 break-words\">Selon une enqu\u00eate men\u00e9e par l\u2019ISNI (InterSyndicale Nationale des Internes) en\u00a02024, 66\u00a0% des externes et internes d\u00e9claraient \u00eatre en situation de burn-out, 21\u00a0% avoir eu des id\u00e9es suicidaires, et 70\u00a0% ont d\u00e9j\u00e0 envisag\u00e9 de quitter la m\u00e9decine. \u00ab\u00a0On a un interne qui se suicide tous les 18 jours\u00a0\u00bb, rappelait Sophie Bauer, pr\u00e9sidente du SML (Syndicat des M\u00e9decins Lib\u00e9raux), \u00e0 l\u2019AFP, citant une statistique de\u00a02021(&#8230;)<\/p>\n<p class=\"mb-4 text-lg md:leading-8 break-words\"><a href=\"https:\/\/www.20minutes.fr\/faits_divers\/4193875-20251231-montpellier-interne-pharmacie-27-ans-suicide-hopital?at_medium=RSS%20feed&amp;at_campaign=ynews&amp;utm_source=yahoo&amp;utm_medium=rss&amp;utm_campaign=news_feed&amp;utm_content=read_more_link&quot;\" rel=\"nofollow noopener\" target=\"_blank\" data-ylk=\"slk:Lire la suite sur 20minutes;elm:context_link;itc:0;sec:content-canvas\" class=\"link \">Lire la suite sur 20minutes<\/a><\/p>\n<p>\u00c0 lire aussi :<br \/><a href=\"https:\/\/www.20minutes.fr\/faits_divers\/faits-divers-bordeaux\/4192363-20251219-bordeaux-deux-eboueurs-sauvent-femme-allait-sauter-pont?at_medium=RSS%20feed&amp;at_campaign=ynews&amp;utm_source=yahoo&amp;utm_medium=rss&amp;utm_campaign=news_feed&amp;utm_content=related_content_link\" rel=\"nofollow noopener\" target=\"_blank\" data-ylk=\"slk:Bordeaux\u00a0: Deux \u00e9boueurs sauvent une femme qui allait sauter d\u2019un pont;elm:context_link;itc:0;sec:content-canvas\" class=\"link \">Bordeaux\u00a0: Deux \u00e9boueurs sauvent une femme qui allait sauter d\u2019un pont<\/a><br \/><a href=\"https:\/\/www.20minutes.fr\/monde\/etats-unis\/4193792-20251231-etats-unis-atteinte-cancer-tatiana-schlossberg-petite-fille-jfk-morte-age-35-ans?at_medium=RSS%20feed&amp;at_campaign=ynews&amp;utm_source=yahoo&amp;utm_medium=rss&amp;utm_campaign=news_feed&amp;utm_content=related_content_link\" rel=\"nofollow noopener\" target=\"_blank\" data-ylk=\"slk:Etats-Unis\u00a0: Atteinte d\u2019un cancer, Tatiana Schlossberg, la petite-fille de JFK, est morte \u00e0 l\u2019\u00e2ge de 35 ans;elm:context_link;itc:0;sec:content-canvas\" class=\"link \">Etats-Unis\u00a0: Atteinte d\u2019un cancer, Tatiana Schlossberg, la petite-fille de JFK, est morte \u00e0 l\u2019\u00e2ge de 35 ans<\/a><\/p>\n","protected":false},"excerpt":{"rendered":"drame &#8211; Une enqu\u00eate est en cours. Une source proche du dossier \u00e9voque un suicide, mais la famille&hellip;\n","protected":false},"author":2,"featured_media":633450,"comment_status":"","ping_status":"","sticky":false,"template":"","format":"standard","meta":{"footnotes":""},"categories":[9599],"tags":[1111,11,15154,1777,674,1011,27,13355,41095,2208,12,2680,25,74196],"class_list":{"0":"post-633449","1":"post","2":"type-post","3":"status-publish","4":"format-standard","5":"has-post-thumbnail","7":"category-montpellier","8":"tag-actu","9":"tag-actualites","10":"tag-chu-de-montpellier","11":"tag-eu","12":"tag-europe","13":"tag-fr","14":"tag-france","15":"tag-la-famille","16":"tag-lieu-de-travail","17":"tag-montpellier","18":"tag-news","19":"tag-occitanie","20":"tag-republique-francaise","21":"tag-syndicat-des-medecins-liberaux"},"share_on_mastodon":{"url":"https:\/\/pubeurope.com\/@fr\/115817785735764614","error":""},"_links":{"self":[{"href":"https:\/\/www.europesays.com\/fr\/wp-json\/wp\/v2\/posts\/633449","targetHints":{"allow":["GET"]}}],"collection":[{"href":"https:\/\/www.europesays.com\/fr\/wp-json\/wp\/v2\/posts"}],"about":[{"href":"https:\/\/www.europesays.com\/fr\/wp-json\/wp\/v2\/types\/post"}],"author":[{"embeddable":true,"href":"https:\/\/www.europesays.com\/fr\/wp-json\/wp\/v2\/users\/2"}],"replies":[{"embeddable":true,"href":"https:\/\/www.europesays.com\/fr\/wp-json\/wp\/v2\/comments?post=633449"}],"version-history":[{"count":0,"href":"https:\/\/www.europesays.com\/fr\/wp-json\/wp\/v2\/posts\/633449\/revisions"}],"wp:featuredmedia":[{"embeddable":true,"href":"https:\/\/www.europesays.com\/fr\/wp-json\/wp\/v2\/media\/633450"}],"wp:attachment":[{"href":"https:\/\/www.europesays.com\/fr\/wp-json\/wp\/v2\/media?parent=633449"}],"wp:term":[{"taxonomy":"category","embeddable":true,"href":"https:\/\/www.europesays.com\/fr\/wp-json\/wp\/v2\/categories?post=633449"},{"taxonomy":"post_tag","embeddable":true,"href":"https:\/\/www.europesays.com\/fr\/wp-json\/wp\/v2\/tags?post=633449"}],"curies":[{"name":"wp","href":"https:\/\/api.w.org\/{rel}","templated":true}]}}