{"id":633455,"date":"2026-01-01T03:54:05","date_gmt":"2026-01-01T03:54:05","guid":{"rendered":"https:\/\/www.europesays.com\/fr\/633455\/"},"modified":"2026-01-01T03:54:05","modified_gmt":"2026-01-01T03:54:05","slug":"coupe-de-france-ouverture-de-la-billetterie-visiteurs-lundi","status":"publish","type":"post","link":"https:\/\/www.europesays.com\/fr\/633455\/","title":{"rendered":"Coupe de France : Ouverture de la billetterie visiteurs lundi"},"content":{"rendered":"<p>Le dimanche 11 janvier \u00e0 18h00, le Stade Rennais F.C. sera oppos\u00e9 \u00e0 l\u2019US Chantilly en 16e de finale de la Coupe de France, au stade Pierre Brisson de Beauvais.<\/p>\n<p>Alors que la billetterie pour les supporters locaux ouvre ce jour sur la <a href=\"https:\/\/www.facebook.com\/uschantillyofficiel\/?locale=fr_FR\" target=\"_blank\" rel=\"noopener\">page Facebook officielle de l&rsquo;US Chantilly<\/a>, la vente des contremarques pour le parcage visiteurs d\u00e9butera le lundi 5 janvier 2026 sur notre site internet. 542 places sont mises \u00e0 disposition au tarif unique de 10 euros.<\/p>\n<p>Restez connect\u00e9s !<\/p>\n","protected":false},"excerpt":{"rendered":"Le dimanche 11 janvier \u00e0 18h00, le Stade Rennais F.C. sera oppos\u00e9 \u00e0 l\u2019US Chantilly en 16e de&hellip;\n","protected":false},"author":2,"featured_media":633456,"comment_status":"","ping_status":"","sticky":false,"template":"","format":"standard","meta":{"footnotes":""},"categories":[2821],"tags":[1111,11,829,1777,674,1011,27,12,584,25],"class_list":{"0":"post-633455","1":"post","2":"type-post","3":"status-publish","4":"format-standard","5":"has-post-thumbnail","7":"category-rennes","8":"tag-actu","9":"tag-actualites","10":"tag-bretagne","11":"tag-eu","12":"tag-europe","13":"tag-fr","14":"tag-france","15":"tag-news","16":"tag-rennes","17":"tag-republique-francaise"},"share_on_mastodon":{"url":"https:\/\/pubeurope.com\/@fr\/115817825107442977","error":""},"_links":{"self":[{"href":"https:\/\/www.europesays.com\/fr\/wp-json\/wp\/v2\/posts\/633455","targetHints":{"allow":["GET"]}}],"collection":[{"href":"https:\/\/www.europesays.com\/fr\/wp-json\/wp\/v2\/posts"}],"about":[{"href":"https:\/\/www.europesays.com\/fr\/wp-json\/wp\/v2\/types\/post"}],"author":[{"embeddable":true,"href":"https:\/\/www.europesays.com\/fr\/wp-json\/wp\/v2\/users\/2"}],"replies":[{"embeddable":true,"href":"https:\/\/www.europesays.com\/fr\/wp-json\/wp\/v2\/comments?post=633455"}],"version-history":[{"count":0,"href":"https:\/\/www.europesays.com\/fr\/wp-json\/wp\/v2\/posts\/633455\/revisions"}],"wp:featuredmedia":[{"embeddable":true,"href":"https:\/\/www.europesays.com\/fr\/wp-json\/wp\/v2\/media\/633456"}],"wp:attachment":[{"href":"https:\/\/www.europesays.com\/fr\/wp-json\/wp\/v2\/media?parent=633455"}],"wp:term":[{"taxonomy":"category","embeddable":true,"href":"https:\/\/www.europesays.com\/fr\/wp-json\/wp\/v2\/categories?post=633455"},{"taxonomy":"post_tag","embeddable":true,"href":"https:\/\/www.europesays.com\/fr\/wp-json\/wp\/v2\/tags?post=633455"}],"curies":[{"name":"wp","href":"https:\/\/api.w.org\/{rel}","templated":true}]}}