{"id":633457,"date":"2026-01-01T03:57:12","date_gmt":"2026-01-01T03:57:12","guid":{"rendered":"https:\/\/www.europesays.com\/fr\/633457\/"},"modified":"2026-01-01T03:57:12","modified_gmt":"2026-01-01T03:57:12","slug":"strasbourg-la-place-kleber-fete-larrivee-de-2026-dans-le-froid-et-la-bonne-humeur","status":"publish","type":"post","link":"https:\/\/www.europesays.com\/fr\/633457\/","title":{"rendered":"Strasbourg\u00a0: la place Kl\u00e9ber f\u00eate l\u2019arriv\u00e9e de 2026 dans le froid et la bonne humeur\u00a0!"},"content":{"rendered":"<p>Comme chaque ann\u00e9e, de nombreux touristes et de nombreux Strasbourgeois se sont r\u00e9unis sur la place Kl\u00e9ber de Strasbourg pour c\u00e9l\u00e9brer le passage \u00e0 la nouvelle ann\u00e9e. Des feux d\u2019artifice sauvages ont \u00e9t\u00e9 tir\u00e9s \u00e0 cette occasion. <\/p>\n<p>\u00c0 minuit pile, <strong>la place Kl\u00e9ber \u00e9tait noire de monde<\/strong> ce mardi 31 d\u00e9cembre \u00e0 Strasbourg. Touristes et Strasbourgeois se sont retrouv\u00e9s au c\u0153ur de la ville pour c\u00e9l\u00e9brer le passage \u00e0 la nouvelle ann\u00e9e, dans une ambiance festive malgr\u00e9 le froid .<\/p>\n<p>Il faisait <strong>\u20134 degr\u00e9s<\/strong>, mais cela n\u2019a pas d\u00e9courag\u00e9 les centaines de personnes rassembl\u00e9es. \u00ab\u00a0\u00c7a va, franchement, on s&rsquo;attendait \u00e0 bien pire\u00a0!\u00a0\u00ab\u00a0, confie une f\u00eatarde pas tr\u00e8s emmitoufl\u00e9e mais le sourire aux l\u00e8vres.<\/p>\n<p> <img decoding=\"async\" src=\"https:\/\/www.europesays.com\/fr\/wp-content\/uploads\/2026\/01\/1280.jpeg\" alt=\"illustration agrandir l'image\" style=\"--_image-preview:url('data:image\/jpeg;base64,\/9j\/2wBDACgcHiMeGSgjISMtKygwPGRBPDc3PHtYXUlkkYCZlo+AjIqgtObDoKrarYqMyP\/L2u71\/\/\/\/m8H\/\/\/\/6\/+b9\/\/j\/2wBDASstLTw1PHZBQXb4pYyl+Pj4+Pj4+Pj4+Pj4+Pj4+Pj4+Pj4+Pj4+Pj4+Pj4+Pj4+Pj4+Pj4+Pj4+Pj4+Pj4+Pj\/wAARCAAfACoDASIAAhEBAxEB\/8QAGAABAAMBAAAAAAAAAAAAAAAAAgABAwT\/xAAXEAEBAQEAAAAAAAAAAAAAAAAAARES\/8QAFgEBAQEAAAAAAAAAAAAAAAAAAAIB\/8QAFBEBAAAAAAAAAAAAAAAAAAAAAP\/aAAwDAQACEQMRAD8A5bAsaUaxTKwLGtg2AysVh2KxqXVqg1epUujYSAGJychctH\/\/2Q==');\" loading=\"lazy\" fetchpriority=\"low\" class=\"svelte-1cksh76 rounded\" onload=\"this.__e=event\" onerror=\"this.__e=event\"\/> La foule sur la place Kl\u00e9ber r\u00e9unie pour le passage \u00e0 l&rsquo;ann\u00e9e 2026. \u00a9 Radio France &#8211; He\u00efdi Soupault  Des touristes conquis par Strasbourg<\/p>\n<p>Parmi la foule, Jules, Flore et Iris ont fait le d\u00e9placement depuis Nice pour <strong>c\u00e9l\u00e9brer le Nouvel An en Alsac<\/strong>e. Une premi\u00e8re pour eux\u00a0: \u00ab\u00a0c&rsquo;est super, \u00e7a rappelle Berlin, Amsterdam avec l&rsquo;ambiance et les feux d&rsquo;artifice\u00a0\u00bb, confie Jules avec entrain.<\/p>\n<p>Juste \u00e0 c\u00f4t\u00e9, <strong>les Strasbourgeois ne cachent pas non plus leur enthousiasme<\/strong>.\u00a0Edgar, 25 ans, n\u2019\u00e9tait jamais venu place Kl\u00e9ber un 31 d\u00e9cembre\u00a0: \u00ab\u00a0C*&rsquo;est vraiment top\u00a0! D&rsquo;habitude on fait des soir\u00e9es en appartement, mais l\u00e0 on voulait voir du monde*\u00a0\u00bb.<\/p>\n<p>Si pour Edgar c&rsquo;est la premi\u00e8re fois, certains comme P\u00e9rinne viennent depuis toujours sur la place Kl\u00e9ber pour le nouvel an\u00a0: \u00ab\u00a0pour moi c&rsquo;est obligatoire, il se passe quelque chose donc il faut se rassembler, c&rsquo;est humain\u00a0!\u00a0\u00bb Elle avoue cependant \u00eatre un peu plus r\u00e9serv\u00e9e face aux <strong>feux d\u2019artifice sauvages\u00a0:<\/strong> \u00ab\u00a0C&rsquo;est dommage que la ville n&rsquo;organise pas quelque chose, l\u00e0 ce sont les gens qui ram\u00e8nent et ce n&rsquo;est pas s\u00e9curis\u00e9 du tout\u00a0\u00bb.<\/p>\n<p>De la joie\u2026 et des r\u00e9solutions<\/p>\n<p><strong>Malgr\u00e9 tout, la bonne humeur l\u2019emporte largement<\/strong>. Certains \u00e9voquent d\u00e9j\u00e0 leurs bonnes r\u00e9solutions pour 2026 : \u00ab\u00a0je veux continuer \u00e0 travailler sur moi-m\u00eame, et voir une psy\u00a0\u00bb, s&rsquo;enflamme Fran\u00e7ois, un jeune homme de 25 ans, tandis que son ami Benjamin rench\u00e9rit \u00ab\u00a0et moi je veux trouver un petit ami\u00a0!\u00a0\u00bb.<\/p>\n","protected":false},"excerpt":{"rendered":"Comme chaque ann\u00e9e, de nombreux touristes et de nombreux Strasbourgeois se sont r\u00e9unis sur la place Kl\u00e9ber de&hellip;\n","protected":false},"author":2,"featured_media":633458,"comment_status":"","ping_status":"","sticky":false,"template":"","format":"standard","meta":{"footnotes":""},"categories":[2820],"tags":[1111,11,1777,674,1011,27,775,12,25,640],"class_list":{"0":"post-633457","1":"post","2":"type-post","3":"status-publish","4":"format-standard","5":"has-post-thumbnail","7":"category-strasbourg","8":"tag-actu","9":"tag-actualites","10":"tag-eu","11":"tag-europe","12":"tag-fr","13":"tag-france","14":"tag-grand-est","15":"tag-news","16":"tag-republique-francaise","17":"tag-strasbourg"},"share_on_mastodon":{"url":"https:\/\/pubeurope.com\/@fr\/115817836929440716","error":""},"_links":{"self":[{"href":"https:\/\/www.europesays.com\/fr\/wp-json\/wp\/v2\/posts\/633457","targetHints":{"allow":["GET"]}}],"collection":[{"href":"https:\/\/www.europesays.com\/fr\/wp-json\/wp\/v2\/posts"}],"about":[{"href":"https:\/\/www.europesays.com\/fr\/wp-json\/wp\/v2\/types\/post"}],"author":[{"embeddable":true,"href":"https:\/\/www.europesays.com\/fr\/wp-json\/wp\/v2\/users\/2"}],"replies":[{"embeddable":true,"href":"https:\/\/www.europesays.com\/fr\/wp-json\/wp\/v2\/comments?post=633457"}],"version-history":[{"count":0,"href":"https:\/\/www.europesays.com\/fr\/wp-json\/wp\/v2\/posts\/633457\/revisions"}],"wp:featuredmedia":[{"embeddable":true,"href":"https:\/\/www.europesays.com\/fr\/wp-json\/wp\/v2\/media\/633458"}],"wp:attachment":[{"href":"https:\/\/www.europesays.com\/fr\/wp-json\/wp\/v2\/media?parent=633457"}],"wp:term":[{"taxonomy":"category","embeddable":true,"href":"https:\/\/www.europesays.com\/fr\/wp-json\/wp\/v2\/categories?post=633457"},{"taxonomy":"post_tag","embeddable":true,"href":"https:\/\/www.europesays.com\/fr\/wp-json\/wp\/v2\/tags?post=633457"}],"curies":[{"name":"wp","href":"https:\/\/api.w.org\/{rel}","templated":true}]}}