{"id":633465,"date":"2026-01-01T04:04:15","date_gmt":"2026-01-01T04:04:15","guid":{"rendered":"https:\/\/www.europesays.com\/fr\/633465\/"},"modified":"2026-01-01T04:04:15","modified_gmt":"2026-01-01T04:04:15","slug":"les-maires-du-nord-est-toulousain-soutiennent-la-loi","status":"publish","type":"post","link":"https:\/\/www.europesays.com\/fr\/633465\/","title":{"rendered":"les maires du Nord-Est toulousain soutiennent la loi"},"content":{"rendered":"<p><strong>Le collectif des maires du Nord-Est toulousain soutient une proposition de loi visant \u00e0 rendre gratuits les parkings des h\u00f4pitaux. Le texte pourrait \u00eatre examin\u00e9 puis vot\u00e9 \u00e0 l\u2019Assembl\u00e9e nationale d\u00e8s janvier 2026. Les \u00e9lus demandent aussi une application \u00e9largie aux cliniques priv\u00e9es.<\/strong><\/p>\n<p><img fetchpriority=\"high\" decoding=\"async\" width=\"1200\" height=\"675\" src=\"https:\/\/www.europesays.com\/fr\/wp-content\/uploads\/2026\/01\/parking-clinique-lunion.png\" alt=\"Les maires du nord-est toulousain appuient une proposition de loi sur la gratuit\u00e9 des parkings d\u2019h\u00f4pitaux.\"  \/><\/p>\n<p>Marc P\u00e9r\u00e9, maire de L\u2019Union, s\u2019est oppos\u00e9 au passage en payant du parking de la clinique install\u00e9e sur sa commune. \u00a9 2025 Google \/ Street View \/ capture d\u2019acran<\/p>\n<p>Le collectif des maires du Nord-Est toulousain affiche son soutien \u00e0 une proposition de loi visant \u00e0 <strong>rendre gratuits les parkings des h\u00f4pitaux<\/strong>, au moins pour une dur\u00e9e de deux heures, pour les patients et le personnel. Le projet doit \u00eatre examin\u00e9 <strong>en commission des lois \u00e0 partir du 12 janvier <\/strong>et pourrait \u00eatre vot\u00e9 durant la semaine du 21 janvier.<\/p>\n<p>Ce collectif, compos\u00e9 de 27 maires, a adress\u00e9 <strong>un courrier de soutien aux d\u00e9put\u00e9s porteurs de <a href=\"https:\/\/www.assemblee-nationale.fr\/dyn\/17\/textes\/l17b1794_proposition-loi\" target=\"_blank\" data-type=\"link\" data-id=\"https:\/\/www.assemblee-nationale.fr\/dyn\/17\/textes\/l17b1794_proposition-loi\" rel=\"noopener\">cette proposition<\/a><\/strong>, les socialistes Pierrick Courbon (Loire) et St\u00e9phane Hablot (Meurthe-et-Moselle). L\u2019un des maires du collectif, <strong>Marc P\u00e9r\u00e9, premier magistrat de L\u2019Union, avait \u00e9t\u00e9 auditionn\u00e9 en commission<\/strong>, le 8 avril dernier, au sujet de la gratuit\u00e9 des parkings.<\/p>\n<p>Gratuit\u00e9 des parkings : un combat engag\u00e9 depuis 2021<\/p>\n<p>Dans leur lettre ouverte, les \u00e9lus rappellent <a href=\"https:\/\/www.lejournaltoulousain.fr\/tribune\/tribune-27-maires-nord-est-toulousain-denoncent-parking-payant-clinique-union-136469\/\" data-type=\"post\" data-id=\"136469\" target=\"_blank\" rel=\"noopener\">leur mobilisation contre la fin de la gratuit\u00e9<\/a> du stationnement de la clinique de L\u2019Union. Celui-ci est devenu payant depuis le 1\u1d49\u02b3 janvier 2021. <strong>\u00ab Cette bataille a mobilis\u00e9 tous les maires des environs \u00bb<\/strong>, \u00e9crivent-ils, \u00e9voquant une p\u00e9tition ayant recueilli plus de 17 000 signatures et une manifestation de pr\u00e8s de 500 personnes en novembre 2021.<\/p>\n<blockquote class=\"twitter-tweet\" data-media-max-width=\"560\">\n<p lang=\"fr\" dir=\"ltr\">P\u00e9tition en ligne pour protester contre le parking payant de la Clinique de L&rsquo;Union\/Saint Jean. <br \/>Nous refusons que des profits soient faits sur la maladie des patients et la solidarit\u00e9 des proches qui leur rendent visite.<a href=\"https:\/\/t.co\/8Lecd5LXTg\">https:\/\/t.co\/8Lecd5LXTg<\/a> via <a href=\"https:\/\/twitter.com\/ChangeFrance?ref_src=twsrc%5Etfw\" target=\"_blank\" rel=\"noopener\">@ChangeFrance<\/a>\u2014 Marc P\u00e9r\u00e9 (@marc_pere) <a href=\"https:\/\/twitter.com\/marc_pere\/status\/1381601571738357760?ref_src=twsrc%5Etfw\" target=\"_blank\" rel=\"noopener\">April 12, 2021<\/a><\/p>\n<\/blockquote>\n<p>\u00ab <strong>Nous sommes ravis que la repr\u00e9sentation nationale<\/strong>, \u00e0 travers diff\u00e9rentes initiatives,<strong> ait pris le relais de cette bataille<\/strong> qui s\u2019est heurt\u00e9e \u00e0 une opposition obstin\u00e9e de la part de la direction de la clinique, <strong>sans m\u00eame que la porte du compromis ne se soit, \u00e0 l\u2019\u00e9poque, ouverte<\/strong> \u00bb, ajoute le collectif.<\/p>\n<p>H\u00f4pitaux et cliniques priv\u00e9s : une demande d\u2019\u00e9quit\u00e9<\/p>\n<p>Les maires demandent que la loi s\u2019applique aussi aux cliniques priv\u00e9es. <strong>\u00ab C\u2019est une question d\u2019\u00e9quit\u00e9 de traitement des usagers face \u00e0 la loi \u00bb,<\/strong> insiste Marc P\u00e9r\u00e9. Les \u00e9lus soulignent que, dans le nord-est toulousain, l\u2019acc\u00e8s aux cliniques priv\u00e9es est souvent plus facile que celui aux h\u00f4pitaux de Toulouse.<\/p>\n<p><script async src=\"https:\/\/platform.twitter.com\/widgets.js\" charset=\"utf-8\"><\/script><\/p>\n","protected":false},"excerpt":{"rendered":"Le collectif des maires du Nord-Est toulousain soutient une proposition de loi visant \u00e0 rendre gratuits les parkings&hellip;\n","protected":false},"author":2,"featured_media":633466,"comment_status":"","ping_status":"","sticky":false,"template":"","format":"standard","meta":{"footnotes":""},"categories":[2816],"tags":[1111,11,1777,674,1011,27,74201,12,2680,25,2312],"class_list":{"0":"post-633465","1":"post","2":"type-post","3":"status-publish","4":"format-standard","5":"has-post-thumbnail","7":"category-toulouse","8":"tag-actu","9":"tag-actualites","10":"tag-eu","11":"tag-europe","12":"tag-fr","13":"tag-france","14":"tag-gratuitu00e9-des-parkings-du2019hu00f4pitaux-les-maires-du-nord-est-toulousain-soutiennent-la-loi","15":"tag-news","16":"tag-occitanie","17":"tag-republique-francaise","18":"tag-toulouse"},"share_on_mastodon":{"url":"https:\/\/pubeurope.com\/@fr\/115817864583183429","error":""},"_links":{"self":[{"href":"https:\/\/www.europesays.com\/fr\/wp-json\/wp\/v2\/posts\/633465","targetHints":{"allow":["GET"]}}],"collection":[{"href":"https:\/\/www.europesays.com\/fr\/wp-json\/wp\/v2\/posts"}],"about":[{"href":"https:\/\/www.europesays.com\/fr\/wp-json\/wp\/v2\/types\/post"}],"author":[{"embeddable":true,"href":"https:\/\/www.europesays.com\/fr\/wp-json\/wp\/v2\/users\/2"}],"replies":[{"embeddable":true,"href":"https:\/\/www.europesays.com\/fr\/wp-json\/wp\/v2\/comments?post=633465"}],"version-history":[{"count":0,"href":"https:\/\/www.europesays.com\/fr\/wp-json\/wp\/v2\/posts\/633465\/revisions"}],"wp:featuredmedia":[{"embeddable":true,"href":"https:\/\/www.europesays.com\/fr\/wp-json\/wp\/v2\/media\/633466"}],"wp:attachment":[{"href":"https:\/\/www.europesays.com\/fr\/wp-json\/wp\/v2\/media?parent=633465"}],"wp:term":[{"taxonomy":"category","embeddable":true,"href":"https:\/\/www.europesays.com\/fr\/wp-json\/wp\/v2\/categories?post=633465"},{"taxonomy":"post_tag","embeddable":true,"href":"https:\/\/www.europesays.com\/fr\/wp-json\/wp\/v2\/tags?post=633465"}],"curies":[{"name":"wp","href":"https:\/\/api.w.org\/{rel}","templated":true}]}}