{"id":633469,"date":"2026-01-01T04:07:12","date_gmt":"2026-01-01T04:07:12","guid":{"rendered":"https:\/\/www.europesays.com\/fr\/633469\/"},"modified":"2026-01-01T04:07:12","modified_gmt":"2026-01-01T04:07:12","slug":"previsions-du-jeudi-1er-janvier-2026-5","status":"publish","type":"post","link":"https:\/\/www.europesays.com\/fr\/633469\/","title":{"rendered":"pr\u00e9visions du jeudi 1er janvier 2026"},"content":{"rendered":"<p>Un temps voil\u00e9 pour Lille avec un d\u00e9veloppement de nuages est pr\u00e9vu dans la journ\u00e9e. Il va faire environ 3\u00b0C. Un vent d&rsquo;ouest soufflera \u00e0 21 km\/h. En revanche, le soleil appara\u00eet l\u00e9g\u00e8rement le matin. Ces \u00e9claircies devraient r\u00e9jouir les habitants. L&rsquo;hiver se fait sentir : les valeurs afficheront entre 2 et 5\u00b0C. Les nuages dans le ciel de l&rsquo;apr\u00e8s-midi retardent l&rsquo;arriv\u00e9e du soleil. Il va pleuvoir. L&rsquo;hiver sera bien l\u00e0 puisque les temp\u00e9ratures seront quand m\u00eame de 4\u00b0C au plus bas et de 5\u00b0C au maximum. Pour le soir, des pluies \u00e9parses vont tomber sur la ville. Les valeurs tourneront autour des 4\u00b0C. Le passage de jeudi \u00e0 vendredi se fera sous un ciel limpide.<\/p>\n<p>Un bel ensoleillement est pr\u00e9vu demain \u00e0 Lille. Une diminution du mercure, en accord avec la p\u00e9riode hivernale, est attendue. Les temp\u00e9ratures s&rsquo;\u00e9chelonneront entre 0 et 4\u00b0C, un temps bel et bien de saison. Un vent de nord-ouest est attendu : il soufflera \u00e0 20 km\/h. Les Lillois vont avoir froid le matin : les temp\u00e9ratures ne vont pas d\u00e9passer 4\u00b0C. Les valeurs seront comprises entre 2\u00b0C et 4\u00b0C, rappelant l&rsquo;hiver au bon souvenir des habitants. Les Lillois vont avoir froid demain apr\u00e8s-midi : les temp\u00e9ratures ne vont pas d\u00e9passer 4\u00b0C. L&rsquo;hiver s&rsquo;est d\u00e9finitivement install\u00e9 puisque les temp\u00e9ratures s&rsquo;\u00e9chelonneront de 1 \u00e0 4\u00b0C. Les nuages seront peu \u00e0 peu visibles au cours de la soir\u00e9e. Les habitants devront s&rsquo;habiller chaudement, comme des petites chutes de neige sont pr\u00e9vues. Il va faire froid avec des valeurs qui afficheront entre 0 et 1\u00b0C.<\/p>\n<p>Les jours se succ\u00e8dent mais ne se ressemblent pas. La m\u00e9t\u00e9o sera changeante les prochains jours. On s&rsquo;attend \u00e0 une am\u00e9lioration dimanche, apr\u00e8s une journ\u00e9e pluvieuse samedi.<\/p>\n<p><\/p>\n","protected":false},"excerpt":{"rendered":"Un temps voil\u00e9 pour Lille avec un d\u00e9veloppement de nuages est pr\u00e9vu dans la journ\u00e9e. Il va faire&hellip;\n","protected":false},"author":2,"featured_media":633470,"comment_status":"","ping_status":"","sticky":false,"template":"","format":"standard","meta":{"footnotes":""},"categories":[2815],"tags":[1111,11,1777,674,1011,27,811,1307,12,2119,25],"class_list":{"0":"post-633469","1":"post","2":"type-post","3":"status-publish","4":"format-standard","5":"has-post-thumbnail","7":"category-lille","8":"tag-actu","9":"tag-actualites","10":"tag-eu","11":"tag-europe","12":"tag-fr","13":"tag-france","14":"tag-hauts-de-france","15":"tag-lille","16":"tag-news","17":"tag-previsions-meteo","18":"tag-republique-francaise"},"share_on_mastodon":{"url":"https:\/\/pubeurope.com\/@fr\/115817876527615030","error":""},"_links":{"self":[{"href":"https:\/\/www.europesays.com\/fr\/wp-json\/wp\/v2\/posts\/633469","targetHints":{"allow":["GET"]}}],"collection":[{"href":"https:\/\/www.europesays.com\/fr\/wp-json\/wp\/v2\/posts"}],"about":[{"href":"https:\/\/www.europesays.com\/fr\/wp-json\/wp\/v2\/types\/post"}],"author":[{"embeddable":true,"href":"https:\/\/www.europesays.com\/fr\/wp-json\/wp\/v2\/users\/2"}],"replies":[{"embeddable":true,"href":"https:\/\/www.europesays.com\/fr\/wp-json\/wp\/v2\/comments?post=633469"}],"version-history":[{"count":0,"href":"https:\/\/www.europesays.com\/fr\/wp-json\/wp\/v2\/posts\/633469\/revisions"}],"wp:featuredmedia":[{"embeddable":true,"href":"https:\/\/www.europesays.com\/fr\/wp-json\/wp\/v2\/media\/633470"}],"wp:attachment":[{"href":"https:\/\/www.europesays.com\/fr\/wp-json\/wp\/v2\/media?parent=633469"}],"wp:term":[{"taxonomy":"category","embeddable":true,"href":"https:\/\/www.europesays.com\/fr\/wp-json\/wp\/v2\/categories?post=633469"},{"taxonomy":"post_tag","embeddable":true,"href":"https:\/\/www.europesays.com\/fr\/wp-json\/wp\/v2\/tags?post=633469"}],"curies":[{"name":"wp","href":"https:\/\/api.w.org\/{rel}","templated":true}]}}