{"id":633475,"date":"2026-01-01T04:10:12","date_gmt":"2026-01-01T04:10:12","guid":{"rendered":"https:\/\/www.europesays.com\/fr\/633475\/"},"modified":"2026-01-01T04:10:12","modified_gmt":"2026-01-01T04:10:12","slug":"vitaa-victime-dune-tentative-de-cambriolage-elle-devoile-les-videos-je-suis-inquiete","status":"publish","type":"post","link":"https:\/\/www.europesays.com\/fr\/633475\/","title":{"rendered":"Vitaa victime d&rsquo;une tentative de cambriolage, elle d\u00e9voile les vid\u00e9os : \u00ab\u00a0Je suis inqui\u00e8te\u00a0\u00bb"},"content":{"rendered":"<p>                    Par<br \/>\n        <strong><br \/>\n            <a href=\"https:\/\/actu.fr\/auteur\/emma-ressegaire\" title=\"Consulter tous les articles de Emma Ressegaire\" target=\"_blank\" rel=\"noopener\">Emma Ressegaire<\/a><br \/>\n                    <\/strong><\/p>\n<p>        Publi\u00e9 le<\/p>\n<p>            31 d\u00e9c. 2025 \u00e0 16h28        <\/p>\n<p>\u00ab\u00a0Pour la troisi\u00e8me fois en trois ans, j\u2019ai \u00e9t\u00e9 la cible d\u2019une tentative de cambriolage ce matin\u00a0\u00bb.\u00a0<\/p>\n<p class=\" wall-content\">C\u2019est par ces mots, que Vitaa s\u2019est exprim\u00e9e via son compte Instagram pour annoncer qu\u2019elle vient, une nouvelle fois, d\u2019\u00e9chapper \u00e0 un cambriolage de son domicile ce matin m\u00eame.\u00a0<\/p>\n<p>Des vid\u00e9os montrant l\u2019intrusion<\/p>\n<p class=\" wall-content\">La chanteuse, originaire de <a href=\"https:\/\/actu.fr\/lyon\/dernieres-actus\" target=\"_blank\" rel=\"noopener\">Lyon<\/a>, explique que <strong>trois individus<\/strong> ont tent\u00e9 de p\u00e9n\u00e9trer dans son domicile mais que son syst\u00e8me de vid\u00e9oprotection, son \u00e9quipe de s\u00e9curit\u00e9 et les forces de l\u2019ordre ont r\u00e9ussi \u00e0 les faire fuir.\u00a0<\/p>\n<p class=\" wall-content\">Preuves \u00e0 l\u2019appui, <a href=\"https:\/\/actu.fr\/auvergne-rhone-alpes\/lyon_69123\/lyon-pourquoi-le-centre-commercial-part-dieu-etait-noir-de-monde-ce-dimanche_60211876.html\" target=\"_blank\" rel=\"noopener\">Vitaa<\/a> a publi\u00e9 <strong>deux vid\u00e9os de sa cam\u00e9ra de s\u00e9curit\u00e9<\/strong>. Sur la premi\u00e8re, on y voit les trois cambrioleurs lors de leur intrusion \u00e0 son domicile. Et sur la deuxi\u00e8me, la fuite de l\u2019un d\u2019eux, qui tombe par terre et qui semble visiblement paniqu\u00e9, apr\u00e8s que l\u2019alarme ait retenti.\u00a0<\/p>\n<p class=\" wall-content\"><a href=\"https:\/\/www.instagram.com\/p\/DS7gx75COFC\/embed\" title=\"Ouvrir le lien sur Instagram\" target=\"_blank\" rel=\"noopener\">Visualiser le contenu sur Instagram<\/a><\/p>\n<p>\u00ab\u00a0Je suis inqui\u00e8te pour mes enfants\u00a0\u00bb<\/p>\n<p class=\" wall-content\">\u00ab\u00a0Quelle tristesse de ne pas se sentir en s\u00e9curit\u00e9 chez soi, dans son propre pays\u2026 Je suis inqui\u00e8te pour mes enfants, leur s\u00e9curit\u00e9, leur tranquillit\u00e9, leur avenir\u2026 <strong>J\u2019aurais souhait\u00e9 terminer l\u2019ann\u00e9e diff\u00e9remment<\/strong>\u00ab\u00a0, \u00e9crit-elle dans son post Instagram.\u00a0<\/p>\n<p class=\" wall-content\">Pour rappel, Vitaa avait d\u00e9j\u00e0 subit un <strong>home-jacking et une s\u00e9questration<\/strong>, il y a deux ans maintenant \u00e0 Rueil-Malmaison dans les Hauts-de-Seine. Un \u00e9pisode traumatisant. Depuis, la chanteuse a d\u00e9m\u00e9nag\u00e9 pour poser ses valises en famille pr\u00e8s de Lyon, une ville ch\u00e8re \u00e0 son c\u0153ur.<\/p>\n<p class=\" wall-content\">Personnalisez votre actualit\u00e9 en ajoutant vos villes et m\u00e9dias en favori avec <a href=\"https:\/\/moncompte.actu.fr\" title=\"D\u00e9couvez Mon Actu\" rel=\"nofollow noopener\" data-trk=\"{&quot;cta&quot;:{&quot;action&quot;:&quot;https:\\\/\\\/moncompte.actu.fr&quot;,&quot;category&quot;:&quot;mon compte&quot;,&quot;from&quot;:&quot;article footer&quot;,&quot;name&quot;:&quot;Mon actu&quot;,&quot;type&quot;:&quot;cta&quot;}}\" target=\"_blank\">Mon Actu<\/a>.<\/p>\n<p>                    <script async src=\"\/\/www.instagram.com\/embed.js\"><\/script><\/p>\n","protected":false},"excerpt":{"rendered":"Par Emma Ressegaire Publi\u00e9 le 31 d\u00e9c. 2025 \u00e0 16h28 \u00ab\u00a0Pour la troisi\u00e8me fois en trois ans, j\u2019ai&hellip;\n","protected":false},"author":2,"featured_media":541653,"comment_status":"","ping_status":"","sticky":false,"template":"","format":"standard","meta":{"footnotes":""},"categories":[1889],"tags":[1111,11,2430,1174,1777,674,118,1011,27,2428,12,973,25],"class_list":{"0":"post-633475","1":"post","2":"type-post","3":"status-publish","4":"format-standard","5":"has-post-thumbnail","7":"category-lyon","8":"tag-actu","9":"tag-actualites","10":"tag-auvergne-rhone-alpes","11":"tag-cambriolage","12":"tag-eu","13":"tag-europe","14":"tag-faits-divers","15":"tag-fr","16":"tag-france","17":"tag-lyon","18":"tag-news","19":"tag-people","20":"tag-republique-francaise"},"share_on_mastodon":{"url":"https:\/\/pubeurope.com\/@fr\/115817888028447592","error":""},"_links":{"self":[{"href":"https:\/\/www.europesays.com\/fr\/wp-json\/wp\/v2\/posts\/633475","targetHints":{"allow":["GET"]}}],"collection":[{"href":"https:\/\/www.europesays.com\/fr\/wp-json\/wp\/v2\/posts"}],"about":[{"href":"https:\/\/www.europesays.com\/fr\/wp-json\/wp\/v2\/types\/post"}],"author":[{"embeddable":true,"href":"https:\/\/www.europesays.com\/fr\/wp-json\/wp\/v2\/users\/2"}],"replies":[{"embeddable":true,"href":"https:\/\/www.europesays.com\/fr\/wp-json\/wp\/v2\/comments?post=633475"}],"version-history":[{"count":0,"href":"https:\/\/www.europesays.com\/fr\/wp-json\/wp\/v2\/posts\/633475\/revisions"}],"wp:featuredmedia":[{"embeddable":true,"href":"https:\/\/www.europesays.com\/fr\/wp-json\/wp\/v2\/media\/541653"}],"wp:attachment":[{"href":"https:\/\/www.europesays.com\/fr\/wp-json\/wp\/v2\/media?parent=633475"}],"wp:term":[{"taxonomy":"category","embeddable":true,"href":"https:\/\/www.europesays.com\/fr\/wp-json\/wp\/v2\/categories?post=633475"},{"taxonomy":"post_tag","embeddable":true,"href":"https:\/\/www.europesays.com\/fr\/wp-json\/wp\/v2\/tags?post=633475"}],"curies":[{"name":"wp","href":"https:\/\/api.w.org\/{rel}","templated":true}]}}