{"id":633476,"date":"2026-01-01T04:11:17","date_gmt":"2026-01-01T04:11:17","guid":{"rendered":"https:\/\/www.europesays.com\/fr\/633476\/"},"modified":"2026-01-01T04:11:17","modified_gmt":"2026-01-01T04:11:17","slug":"le-gymnase-chanfray-requisitionne-les-jeunes-du-jardin-des-chartreux-mis-a-labri","status":"publish","type":"post","link":"https:\/\/www.europesays.com\/fr\/633476\/","title":{"rendered":"le gymnase Chanfray r\u00e9quisitionn\u00e9, les jeunes du jardin des Chartreux mis \u00e0 l&rsquo;abri"},"content":{"rendered":"<p itemprop=\"description\"><strong>Ce mercredi, depuis 17h30, un deuxi\u00e8me gymnase lyonnais a \u00e9t\u00e9 r\u00e9quisitionn\u00e9 dans le cadre du plan Grand Froid.<\/strong><\/p>\n<p>La pr\u00e9fecture du Rh\u00f4ne, en partenariat avec la Ville et la M\u00e9tropole de Lyon, a choisi le gymnase Chanfray dans le 2e arrondissement pour permettre de doubler le nombre de places d&rsquo;h\u00e9bergement d&rsquo;urgence, passant de 110 \u00e0 220.<\/p>\n<p>G\u00e9r\u00e9 par la Croix-Rouge, le site le sera d\u00e8s jeudi par l&rsquo;Arm\u00e9e du Salut.<\/p>\n<p>L&rsquo;accueil passe par le 115 de 16h \u00e0 18h.<\/p>\n<p>Le gymnase Chanfray permettra notamment de prendre en charge les jeunes en recours de minorit\u00e9 du jardin des Chartreux.<\/p>\n","protected":false},"excerpt":{"rendered":"Ce mercredi, depuis 17h30, un deuxi\u00e8me gymnase lyonnais a \u00e9t\u00e9 r\u00e9quisitionn\u00e9 dans le cadre du plan Grand Froid.&hellip;\n","protected":false},"author":2,"featured_media":633477,"comment_status":"","ping_status":"","sticky":false,"template":"","format":"standard","meta":{"footnotes":""},"categories":[1889],"tags":[1111,11,2813,2190,2430,1109,251,1112,2811,1777,674,118,1011,27,1922,1110,1114,2428,2810,12,241,316,25,2812,517,800],"class_list":{"0":"post-633476","1":"post","2":"type-post","3":"status-publish","4":"format-standard","5":"has-post-thumbnail","7":"category-lyon","8":"tag-actu","9":"tag-actualites","10":"tag-article","11":"tag-asvel","12":"tag-auvergne-rhone-alpes","13":"tag-breves","14":"tag-culture","15":"tag-depeches","16":"tag-economique","17":"tag-eu","18":"tag-europe","19":"tag-faits-divers","20":"tag-fr","21":"tag-france","22":"tag-info","23":"tag-informations","24":"tag-infos","25":"tag-lyon","26":"tag-lyonmag","27":"tag-news","28":"tag-ol","29":"tag-politique","30":"tag-republique-francaise","31":"tag-sociale","32":"tag-sport","33":"tag-transports"},"share_on_mastodon":{"url":"https:\/\/pubeurope.com\/@fr\/115817891959557101","error":""},"_links":{"self":[{"href":"https:\/\/www.europesays.com\/fr\/wp-json\/wp\/v2\/posts\/633476","targetHints":{"allow":["GET"]}}],"collection":[{"href":"https:\/\/www.europesays.com\/fr\/wp-json\/wp\/v2\/posts"}],"about":[{"href":"https:\/\/www.europesays.com\/fr\/wp-json\/wp\/v2\/types\/post"}],"author":[{"embeddable":true,"href":"https:\/\/www.europesays.com\/fr\/wp-json\/wp\/v2\/users\/2"}],"replies":[{"embeddable":true,"href":"https:\/\/www.europesays.com\/fr\/wp-json\/wp\/v2\/comments?post=633476"}],"version-history":[{"count":0,"href":"https:\/\/www.europesays.com\/fr\/wp-json\/wp\/v2\/posts\/633476\/revisions"}],"wp:featuredmedia":[{"embeddable":true,"href":"https:\/\/www.europesays.com\/fr\/wp-json\/wp\/v2\/media\/633477"}],"wp:attachment":[{"href":"https:\/\/www.europesays.com\/fr\/wp-json\/wp\/v2\/media?parent=633476"}],"wp:term":[{"taxonomy":"category","embeddable":true,"href":"https:\/\/www.europesays.com\/fr\/wp-json\/wp\/v2\/categories?post=633476"},{"taxonomy":"post_tag","embeddable":true,"href":"https:\/\/www.europesays.com\/fr\/wp-json\/wp\/v2\/tags?post=633476"}],"curies":[{"name":"wp","href":"https:\/\/api.w.org\/{rel}","templated":true}]}}