{"id":633491,"date":"2026-01-01T04:20:21","date_gmt":"2026-01-01T04:20:21","guid":{"rendered":"https:\/\/www.europesays.com\/fr\/633491\/"},"modified":"2026-01-01T04:20:21","modified_gmt":"2026-01-01T04:20:21","slug":"etats-unis-donald-trump-annonce-retirer-la-garde-nationale-de-chicago-portland-et-los-angeles","status":"publish","type":"post","link":"https:\/\/www.europesays.com\/fr\/633491\/","title":{"rendered":"\u00c9tats-Unis : Donald Trump annonce retirer la Garde nationale de Chicago, Portland et Los Angeles"},"content":{"rendered":"<ul class=\"jsx-862013697 ArticleChapo__List\">\n<li class=\"jsx-862013697 ArticleChapo__List_Item flex\">Donald Trump a annonc\u00e9 mercredi retirer la Garde nationale de Chicago, Portland et Los Angeles.<\/li>\n<li class=\"jsx-862013697 ArticleChapo__List_Item flex\">Des d\u00e9ploiements auxquels s&rsquo;est oppos\u00e9e la justice am\u00e9ricaine.<\/li>\n<li class=\"jsx-862013697 ArticleChapo__List_Item flex\">\u00ab\u00a0Nous reviendrons (&#8230;), ce n&rsquo;est qu&rsquo;une question de temps !\u00a0\u00bb, a pr\u00e9venu le pr\u00e9sident des \u00c9tats-Unis.<\/li>\n<\/ul>\n<p><a href=\"https:\/\/www.tf1info.fr\/actualite\/etats-unis-election-presidentielle-americaine-2024-donald-trump-vs-kamala-harris-13534\/\" rel=\"noopener\" class=\"jsx-484472199 Link jsx-1428418400 jsx-554215408\" target=\"_blank\"><\/p>\n<p style=\"font-weight:400\" class=\"jsx-1837267516\">Suivez la couverture compl\u00e8te<\/p>\n<p style=\"font-weight:800\" class=\"jsx-1837267516\">Le second mandat de Donald Trump<\/p>\n<p><\/a><\/p>\n<p data-module=\"article-paragraph\" class=\"jsx-157965717 Paragraph Paragraph__End\">Donald Trump fait machine arri\u00e8re. Le pr\u00e9sident am\u00e9ricain a annonc\u00e9, mercredi 31 d\u00e9cembre, retirer la Garde nationale, une unit\u00e9 de r\u00e9serve de l&rsquo;arm\u00e9e am\u00e9ricaine, de <a href=\"https:\/\/www.tf1info.fr\/international\/donald-trump-perd-en-appel-la-justice-americaine-s-oppose-au-deploiement-de-la-garde-nationale-a-chicago-2401102.html\" target=\"_blank\" rel=\"noopener\">Chicago<\/a>, <a href=\"https:\/\/www.tf1info.fr\/international\/etats-unis-que-se-passe-t-il-reellement-a-portland-ou-donald-trump-a-ordonne-le-deploiement-des-forces-armees-2397296.html\" target=\"_blank\" rel=\"noopener\">Portland<\/a> et <a href=\"https:\/\/www.tf1info.fr\/international\/etats-unis-immigration-volontairement-incendiaire-donald-trump-envoie-la-garde-nationale-en-californie-sur-fond-d-emeutes-anti-expulsions-2375671.html\" target=\"_blank\" rel=\"noopener\">Los Angeles<\/a>, des d\u00e9ploiements largement contest\u00e9s en justice.<\/p>\n<blockquote class=\"jsx-2786790838 Quote__Text\"><p>Nous reviendrons, peut-\u00eatre sous une forme diff\u00e9rente et plus forte<\/p><\/blockquote>\n<p>Donald Trump, sur son r\u00e9seau Truth Social<\/p>\n<p data-module=\"article-paragraph\" class=\"jsx-157965717 Paragraph\">\u00ab\u00a0Nous retirons la <a href=\"https:\/\/www.tf1info.fr\/international\/j-y-enverrai-les-troupes-apres-los-angeles-et-washington-trump-menace-de-deployer-la-garde-nationale-a-baltimore-2390488.html\" target=\"_blank\" rel=\"noopener\">Garde nationale<\/a> de Chicago, Los Angeles et Portland\u00a0\u00bb, a-t-il annonc\u00e9 sur son r\u00e9seau Truth Social. \u00ab\u00a0Le crime a \u00e9t\u00e9 consid\u00e9rablement r\u00e9duit (&#8230;) Nous reviendrons, peut-\u00eatre sous une forme diff\u00e9rente et plus forte (&#8230;), ce n&rsquo;est qu&rsquo;une question de temps !\u00a0\u00bb, a ajout\u00e9 le pr\u00e9sident am\u00e9ricain.<\/p>\n<p data-module=\"article-paragraph\" class=\"jsx-157965717 Paragraph Paragraph__End\">Depuis plusieurs mois, Donald Trump a ordonn\u00e9 le d\u00e9ploiement de gardes nationaux dans ces villes d\u00e9mocrates, ainsi qu&rsquo;\u00e0 Memphis, pour lutter contre la criminalit\u00e9 et afin d&rsquo;appuyer la police de l&rsquo;immigration. Les d\u00e9mocrates ont, eux, d\u00e9nonc\u00e9 une man\u0153uvre autoritaire outrepassant les limites du pouvoir pr\u00e9sidentiel.<\/p>\n<p><a href=\"https:\/\/www.tf1info.fr\/international\/tirs-contre-des-militaires-a-washington-l-une-des-deux-victimes-est-decedee-2409456.html\" rel=\"noopener\" class=\"jsx-3308031228 Link flex\" target=\"_blank\"><img decoding=\"async\" src=\"https:\/\/www.europesays.com\/fr\/wp-content\/uploads\/2026\/01\/tirs-militaires-washington-ec7948-0@1x.jpeg\" alt=\"Celal Gunes \/ ANADOLU \/ Anadolu via AFP\" loading=\"lazy\" importance=\"low\" fetchpriority=\"low\" class=\"\" aria-hidden=\"true\"\/><\/p>\n<p class=\"jsx-3657663356 ReadMoreArticle__Title\">Lire aussi<\/p>\n<p class=\"jsx-3657663356\">Tirs contre des militaires \u00e0 Washington : l&rsquo;une des 2 victimes est d\u00e9c\u00e9d\u00e9e<\/p>\n<p><\/a><\/p>\n<p data-module=\"article-paragraph\" class=\"jsx-157965717 Paragraph Paragraph__End\">Pourtant, le d\u00e9ploiement de ces militaires, form\u00e9s pour intervenir lors de catastrophes naturelles aux \u00c9tats-Unis mais qui peuvent \u00e9galement combattre \u00e0 l&rsquo;\u00e9tranger, a \u00e9t\u00e9 bloqu\u00e9 par la Cour supr\u00eame \u00e0 Chicago et par des juges f\u00e9d\u00e9raux \u00e0 Los Angeles et Portland. D\u00e8s la mi-d\u00e9cembre, l&rsquo;administration Trump avait d\u00e9j\u00e0 annonc\u00e9 le retrait d&rsquo;une partie des soldats envoy\u00e9s dans ces trois villes, m\u00eame si la Garde nationale y conservait une pr\u00e9sence r\u00e9siduelle.<\/p>\n<p>Victor GAUTIER avec AFP<\/p>\n","protected":false},"excerpt":{"rendered":"Donald Trump a annonc\u00e9 mercredi retirer la Garde nationale de Chicago, Portland et Los Angeles. Des d\u00e9ploiements auxquels&hellip;\n","protected":false},"author":2,"featured_media":633492,"comment_status":"","ping_status":"","sticky":false,"template":"","format":"standard","meta":{"footnotes":""},"categories":[1589],"tags":[1111,11,1921,75,73,1866,1922,2497,12,1864,1865,1863,308,133,1920],"class_list":{"0":"post-633491","1":"post","2":"type-post","3":"status-publish","4":"format-standard","5":"has-post-thumbnail","7":"category-etats-unis","8":"tag-actu","9":"tag-actualites","10":"tag-article-video","11":"tag-donald-trump","12":"tag-etats-unis","13":"tag-etats-unis-damerique","14":"tag-info","15":"tag-le-second-mandat-de-donald-trump","16":"tag-news","17":"tag-united-states","18":"tag-united-states-of-america","19":"tag-us","20":"tag-usa","21":"tag-video","22":"tag-video-international"},"share_on_mastodon":{"url":"https:\/\/pubeurope.com\/@fr\/115817927485838285","error":""},"_links":{"self":[{"href":"https:\/\/www.europesays.com\/fr\/wp-json\/wp\/v2\/posts\/633491","targetHints":{"allow":["GET"]}}],"collection":[{"href":"https:\/\/www.europesays.com\/fr\/wp-json\/wp\/v2\/posts"}],"about":[{"href":"https:\/\/www.europesays.com\/fr\/wp-json\/wp\/v2\/types\/post"}],"author":[{"embeddable":true,"href":"https:\/\/www.europesays.com\/fr\/wp-json\/wp\/v2\/users\/2"}],"replies":[{"embeddable":true,"href":"https:\/\/www.europesays.com\/fr\/wp-json\/wp\/v2\/comments?post=633491"}],"version-history":[{"count":0,"href":"https:\/\/www.europesays.com\/fr\/wp-json\/wp\/v2\/posts\/633491\/revisions"}],"wp:featuredmedia":[{"embeddable":true,"href":"https:\/\/www.europesays.com\/fr\/wp-json\/wp\/v2\/media\/633492"}],"wp:attachment":[{"href":"https:\/\/www.europesays.com\/fr\/wp-json\/wp\/v2\/media?parent=633491"}],"wp:term":[{"taxonomy":"category","embeddable":true,"href":"https:\/\/www.europesays.com\/fr\/wp-json\/wp\/v2\/categories?post=633491"},{"taxonomy":"post_tag","embeddable":true,"href":"https:\/\/www.europesays.com\/fr\/wp-json\/wp\/v2\/tags?post=633491"}],"curies":[{"name":"wp","href":"https:\/\/api.w.org\/{rel}","templated":true}]}}