{"id":633499,"date":"2026-01-01T04:24:49","date_gmt":"2026-01-01T04:24:49","guid":{"rendered":"https:\/\/www.europesays.com\/fr\/633499\/"},"modified":"2026-01-01T04:24:49","modified_gmt":"2026-01-01T04:24:49","slug":"leurope-veut-proteger-ses-industriels-et-faire-des-emules","status":"publish","type":"post","link":"https:\/\/www.europesays.com\/fr\/633499\/","title":{"rendered":"l\u2019Europe veut prot\u00e9ger ses industriels et faire des \u00e9mules"},"content":{"rendered":"\n<p>Apr\u00e8s deux ann\u00e9es de test, le m\u00e9canisme d\u2019ajustement carbone aux fronti\u00e8res (MACF) de l\u2019Union europ\u00e9enne entre en vigueur le 1er\u00a0janvier 2026 \u201cmalgr\u00e9 la vive opposition de ses partenaires commerciaux et les avertissements des industriels europ\u00e9ens qui redoutent une hausse des co\u00fbts et une multiplication des formalit\u00e9s administratives\u201d, <a class=\"ithalc\" data-ithal=\"lien_externe\" data-ithalc=\"[nav_article]\" target=\"_blank\" href=\"https:\/\/www.ft.com\/content\/9e4afe62-b474-478e-ac88-fa1417064e5f\" rel=\"noopener\">annonce le<strong> Financial Times<\/strong><\/a><strong>.<\/strong><\/p>\n<p>Une s\u00e9rie de produits import\u00e9s (acier, ciment, aluminium, engrais azot\u00e9s, hydrog\u00e8ne et \u00e9lectricit\u00e9 \u2013 des secteurs qui repr\u00e9sentent la moiti\u00e9 des \u00e9missions industrielles dans l\u2019UE) seront ainsi soumis \u00e0 une tarification du carbone \u00e9quivalente \u00e0 celle appliqu\u00e9e aux industriels europ\u00e9ens fabriquant ces produits.<\/p>\n<p>Le prix du certificat MACF sera align\u00e9 sur celui des permis qui s\u2019\u00e9changent sur le march\u00e9 europ\u00e9en du carbone, soit actuellement environ 85\u00a0euros pour une tonne de CO2. Quelque 75\u00a0% des sommes r\u00e9colt\u00e9es, estim\u00e9es \u00e0 plus de 10\u00a0milliards d\u2019euros par an, devraient alimenter le budget de l\u2019UE, le reste revenant aux \u00c9tats.<\/p>\n<p> \u00c9viter les \u201cfuites de carbone\u201d <\/p>\n<p>L\u2019objectif\u00a0de l\u2019Europe est double\u00a0: \u201cProt\u00e9ger son industrie lors de son ambitieuse transition vers la neutralit\u00e9 carbone d\u2019ici \u00e0 2050 et inciter d\u2019autres r\u00e9gions du monde \u00e0 rendre leur production plus \u00e9cologique\u201d, <a class=\"ithalc\" data-ithal=\"lien_externe\" data-ithalc=\"[nav_article]\" target=\"_blank\" href=\"https:\/\/www.bloomberg.com\/news\/articles\/2025-12-16\/europe-to-bolster-carbon-border-levy-criticized-by-us-and-china\" rel=\"noopener\">r\u00e9sume <strong>Bloomberg<\/strong><\/a><strong>.<\/strong><\/p>\n<p>Sur le plan de la protection, <a class=\"ithalc\" data-ithal=\"lien_externe\" data-ithalc=\"[nav_article]\" target=\"_blank\" href=\"https:\/\/www.lesoir.be\/717981\/article\/2025-12-20\/taxe-carbone-aux-frontieres-europeennes-les-entreprises-belges-tardent-se-mettre\" rel=\"noopener\">pr\u00e9cise <strong>L<\/strong><\/a><\/p>\n","protected":false},"excerpt":{"rendered":"Apr\u00e8s deux ann\u00e9es de test, le m\u00e9canisme d\u2019ajustement carbone aux fronti\u00e8res (MACF) de l\u2019Union europ\u00e9enne entre en vigueur&hellip;\n","protected":false},"author":2,"featured_media":633500,"comment_status":"","ping_status":"","sticky":false,"template":"","format":"standard","meta":{"footnotes":""},"categories":[1586],"tags":[11,4734,1777,674,1779,1011,27,1074,12,25,17345,2542,1778,364,2475],"class_list":{"0":"post-633499","1":"post","2":"type-post","3":"status-publish","4":"format-standard","5":"has-post-thumbnail","7":"category-europe","8":"tag-actualites","9":"tag-changement-climatique","10":"tag-eu","11":"tag-europe","12":"tag-european-union","13":"tag-fr","14":"tag-france","15":"tag-guerre-commerciale","16":"tag-news","17":"tag-republique-francaise","18":"tag-sciences-et-environnement","19":"tag-u00e9conomie","20":"tag-ue","21":"tag-union-europeenne","22":"tag-union-europu00e9enne"},"share_on_mastodon":{"url":"https:\/\/pubeurope.com\/@fr\/115817947176903628","error":""},"_links":{"self":[{"href":"https:\/\/www.europesays.com\/fr\/wp-json\/wp\/v2\/posts\/633499","targetHints":{"allow":["GET"]}}],"collection":[{"href":"https:\/\/www.europesays.com\/fr\/wp-json\/wp\/v2\/posts"}],"about":[{"href":"https:\/\/www.europesays.com\/fr\/wp-json\/wp\/v2\/types\/post"}],"author":[{"embeddable":true,"href":"https:\/\/www.europesays.com\/fr\/wp-json\/wp\/v2\/users\/2"}],"replies":[{"embeddable":true,"href":"https:\/\/www.europesays.com\/fr\/wp-json\/wp\/v2\/comments?post=633499"}],"version-history":[{"count":0,"href":"https:\/\/www.europesays.com\/fr\/wp-json\/wp\/v2\/posts\/633499\/revisions"}],"wp:featuredmedia":[{"embeddable":true,"href":"https:\/\/www.europesays.com\/fr\/wp-json\/wp\/v2\/media\/633500"}],"wp:attachment":[{"href":"https:\/\/www.europesays.com\/fr\/wp-json\/wp\/v2\/media?parent=633499"}],"wp:term":[{"taxonomy":"category","embeddable":true,"href":"https:\/\/www.europesays.com\/fr\/wp-json\/wp\/v2\/categories?post=633499"},{"taxonomy":"post_tag","embeddable":true,"href":"https:\/\/www.europesays.com\/fr\/wp-json\/wp\/v2\/tags?post=633499"}],"curies":[{"name":"wp","href":"https:\/\/api.w.org\/{rel}","templated":true}]}}