{"id":633506,"date":"2026-01-01T04:30:16","date_gmt":"2026-01-01T04:30:16","guid":{"rendered":"https:\/\/www.europesays.com\/fr\/633506\/"},"modified":"2026-01-01T04:30:16","modified_gmt":"2026-01-01T04:30:16","slug":"deux-anciennes-de-la-fdj-suez-a-la-retraite","status":"publish","type":"post","link":"https:\/\/www.europesays.com\/fr\/633506\/","title":{"rendered":"deux anciennes de la FDJ-Suez \u00e0 la retraite"},"content":{"rendered":"<p>Deux solides coureuses ont tir\u00e9 leur r\u00e9v\u00e9rence. \u00c0 27 et 37\u00a0ans, Ma\u00eblle Grosset\u00eate et \u00c9milia Fahlin ne seront plus dans le peloton professionnel en 2026. Les deux femmes ont port\u00e9 les couleurs de la FDJ-Suez. De 2018 \u00e0 2023 pour la Fran\u00e7aise, auteure de deux deuxi\u00e8mes places sur une \u00e9tape du Simac Tour en 2022 et sur le Tour de Belle-Isle-en-Terre\u00a0&#8211; Kreiz Breizh \u00c9lites en 2018.<\/p>\n<p>Les deux derni\u00e8res saisons, Ma\u00eblle Grosset\u00eate roulait pour Human Powered Health mais a cumul\u00e9 seulement 24 jours de courses en raison de plusieurs p\u00e9pins de sant\u00e9 (mononucl\u00e9ose, soucis de thyro\u00efde, endofibrose de l\u2019art\u00e8re iliaque). \u00ab\u00a0C\u2019est la fin. La fin d\u2019un chapitre de huit saisons chez les professionnelles. Merci \u00e0 toi petite reine. Belle \u00e9cole de la vie, tu m\u2019as transmis de belles valeurs\u00a0: rigueur, r\u00e9silience, sacrifice, travail d\u2019\u00e9quipe, humilit\u00e9, et tant d\u2019autres\u00a0\u00bb, a-t-elle r\u00e9agi sur Instagram.<\/p>\n<p>\u00ab\u00a0Le temps est venu pour moi de clore ce chapitre\u00a0\u00bb<\/p>\n<p>Concernant la Su\u00e9doise, elle \u00e9tait dans l\u2019\u00e9quipe de Stephen Delcourt de 2019 \u00e0 2023 avant de porter le maillot d\u2019Ark\u00e9a B &amp; B H\u00f4tels, une formation qui vient malheureusement de dispara\u00eetre.<\/p>\n<p>Durant ses ann\u00e9es dans la formation poitevine, elle a notamment remport\u00e9 son quatri\u00e8me titre national de championne de Su\u00e8de en 2023. Emilia Fahlin totalise au total 17 victoires dans sa carri\u00e8re. \u00ab\u00a0J\u2019ai pass\u00e9 les dix-huit derni\u00e8res ann\u00e9es \u00e0 vivre mon passe-temps \u00e0 plein temps, a-t-elle d\u00e9clar\u00e9 sur Instagram. Et maintenant, le temps est venu pour moi de clore ce chapitre.\u00a0\u00bb La sprinteuse-rouleuse s\u2019est vue, elle aussi, diagnostiquer une endofibrose de l\u2019art\u00e8re iliaque. \u00ab\u00a0Je n\u2019ai pas eu la fin du conte de f\u00e9es dont r\u00eavent beaucoup d\u2019athl\u00e8tes.\u00a0\u00bb<\/p>\n","protected":false},"excerpt":{"rendered":"Deux solides coureuses ont tir\u00e9 leur r\u00e9v\u00e9rence. \u00c0 27 et 37\u00a0ans, Ma\u00eblle Grosset\u00eate et \u00c9milia Fahlin ne seront&hellip;\n","protected":false},"author":2,"featured_media":633507,"comment_status":"","ping_status":"","sticky":false,"template":"","format":"standard","meta":{"footnotes":""},"categories":[1416],"tags":[207,35139,1011,27,35138,479,1468,60,1584],"class_list":{"0":"post-633506","1":"post","2":"type-post","3":"status-publish","4":"format-standard","5":"has-post-thumbnail","7":"category-rugby","8":"tag-cyclisme","9":"tag-equipe-fdj-suez","10":"tag-fr","11":"tag-france","12":"tag-jaunay-marigny","13":"tag-rugby","14":"tag-rugby-football","15":"tag-sports","16":"tag-vienne"},"share_on_mastodon":{"url":"https:\/\/pubeurope.com\/@fr\/115817966677033722","error":""},"_links":{"self":[{"href":"https:\/\/www.europesays.com\/fr\/wp-json\/wp\/v2\/posts\/633506","targetHints":{"allow":["GET"]}}],"collection":[{"href":"https:\/\/www.europesays.com\/fr\/wp-json\/wp\/v2\/posts"}],"about":[{"href":"https:\/\/www.europesays.com\/fr\/wp-json\/wp\/v2\/types\/post"}],"author":[{"embeddable":true,"href":"https:\/\/www.europesays.com\/fr\/wp-json\/wp\/v2\/users\/2"}],"replies":[{"embeddable":true,"href":"https:\/\/www.europesays.com\/fr\/wp-json\/wp\/v2\/comments?post=633506"}],"version-history":[{"count":0,"href":"https:\/\/www.europesays.com\/fr\/wp-json\/wp\/v2\/posts\/633506\/revisions"}],"wp:featuredmedia":[{"embeddable":true,"href":"https:\/\/www.europesays.com\/fr\/wp-json\/wp\/v2\/media\/633507"}],"wp:attachment":[{"href":"https:\/\/www.europesays.com\/fr\/wp-json\/wp\/v2\/media?parent=633506"}],"wp:term":[{"taxonomy":"category","embeddable":true,"href":"https:\/\/www.europesays.com\/fr\/wp-json\/wp\/v2\/categories?post=633506"},{"taxonomy":"post_tag","embeddable":true,"href":"https:\/\/www.europesays.com\/fr\/wp-json\/wp\/v2\/tags?post=633506"}],"curies":[{"name":"wp","href":"https:\/\/api.w.org\/{rel}","templated":true}]}}