{"id":633508,"date":"2026-01-01T04:31:11","date_gmt":"2026-01-01T04:31:11","guid":{"rendered":"https:\/\/www.europesays.com\/fr\/633508\/"},"modified":"2026-01-01T04:31:11","modified_gmt":"2026-01-01T04:31:11","slug":"djokovic-laveu-qui-repousse-la-retraite","status":"publish","type":"post","link":"https:\/\/www.europesays.com\/fr\/633508\/","title":{"rendered":"Djokovic, l\u2019aveu qui repousse la retraite"},"content":{"rendered":"<p><strong>Interrog\u00e9 lors des World Sports<br \/>\nSummit \u00e0 Duba\u00ef, Novak Djokovic a \u00e9mis la possibilit\u00e9 de jouer apr\u00e8s<br \/>\n2028 et les Jeux Olympiques de Los Angeles. La volont\u00e9 est<br \/>\nl\u00e0.<\/strong><\/p>\n<p>L\u2019heure de la retraite a t-elle sonn\u00e9 pour Novak Djokovic ? A<br \/>\npriori, non. Le Serbe de 38 ans \u00e9tait l\u2019invit\u00e9 lundi du World<br \/>\nSports Summit Duba\u00ef et il n\u2019a pas \u00e9chapp\u00e9 \u00e0 la sempiternelle<br \/>\nquestion sur son futur dans la discipline. Jusqu\u2019ici, sa position a<br \/>\ntoujours \u00e9t\u00e9 la m\u00eame, \u00e0 savoir qu\u2019il continuerait pour une dur\u00e9e<br \/>\nind\u00e9termin\u00e9e.<\/p>\n<p>Sur la sc\u00e8ne \u00e9mirienne, le vainqueur de 24 titres du Grand<br \/>\nChelem n\u2019a pas boug\u00e9 d\u2019un iota. Il a \u00e9voqu\u00e9 les Jeux Olympiques de<br \/>\nLos Angeles 2028 comme un objectif mais pas une ligne d\u2019arriv\u00e9e.<br \/>\n\u00ab J\u2019ai vraiment envie de continuer, a reconnu l\u2019int\u00e9ress\u00e9<br \/>\ndans des propos relay\u00e9s par The National. Les Jeux Olympiques<br \/>\nde Los Angeles 2028 sont un peu une \u00e9toile directrice, mais<br \/>\nhonn\u00eatement, il n\u2019y a pas de limite. Alors on verra. \u00bb<\/p>\n<p>Novak Djokovic a termin\u00e9 l\u2019exercice 2025 \u00e0 la 4\u00e8me place \u00e0 l\u2019ATP<br \/>\navec 4830 points juste derri\u00e8re Alexander Zverev (5160) mais devant<br \/>\nF\u00e9lix Auger-Aliassime (4245). Un classement qui en dit long d\u00e9j\u00e0<br \/>\nsur son \u00e9tat de forme mais \u00e9galement sur son talent ind\u00e9niable<br \/>\nmalgr\u00e9 le poids de l\u2019\u00e2ge et quelques blessures (cuisse, \u00e9paule).<br \/>\nDerni\u00e8rement, il avait d\u00fb d\u00e9clarer forfait aux Finales ATP apr\u00e8s un<br \/>\nsouci \u00e0 l\u2019\u00e9paule. \u00ab J\u2019aime taper dans la balle et j\u2019aime la<br \/>\ncomp\u00e9tition, a relanc\u00e9 Djokovic. Je disais aux gars avec<br \/>\nqui je parlais, des l\u00e9gendes du football, que tout repose sur la<br \/>\npassion et l\u2019amour. Tant que vous sentez que vous jouez \u00e0 un tr\u00e8s<br \/>\nhaut niveau et que votre corps tient le coup, alors pourquoi pas ?<br \/>\nLes gens aiment parler et sp\u00e9culer sur la retraite. Mais au final,<br \/>\nj\u2019ai le sentiment de contribuer encore \u00e0 la croissance du tennis.<br \/>\nC\u2019est un m\u00e9tier magnifique. \u00bb<\/p>\n<p>Une saison 2026 d\u00e9terminante<br \/>\n?<\/p>\n<p>Vainqueur de deux tournois en 2025 (Gen\u00e8ve, Ath\u00e8nes), finaliste<br \/>\n\u00e0 Miami, le Serbe aux 101 titres en carri\u00e8re ne veut pas s\u2019arr\u00eater<br \/>\nl\u00e0. \u00ab J\u2019ai aussi l\u2019impression qu\u2019il y a un changement dans le<br \/>\ntennis auquel je veux participer, Donc oui, je me sens encore bien.<br \/>\nJe suis pr\u00eat pour la suite. Les jeunes sont l\u00e0. Bien s\u00fbr, ils sont<br \/>\nexcellents. (Sinner et Alcaraz) incarnent la nouvelle grande<br \/>\nrivalit\u00e9. J\u2019adore voir les diff\u00e9rentes g\u00e9n\u00e9rations arriver et<br \/>\npartir. Je suis toujours l\u00e0, alors j\u2019aime observer. \u00bb<\/p>\n","protected":false},"excerpt":{"rendered":"Interrog\u00e9 lors des World Sports Summit \u00e0 Duba\u00ef, Novak Djokovic a \u00e9mis la possibilit\u00e9 de jouer apr\u00e8s 2028&hellip;\n","protected":false},"author":2,"featured_media":633509,"comment_status":"","ping_status":"","sticky":false,"template":"","format":"standard","meta":{"footnotes":""},"categories":[1415],"tags":[1011,27,57681,60,1467],"class_list":{"0":"post-633508","1":"post","2":"type-post","3":"status-publish","4":"format-standard","5":"has-post-thumbnail","7":"category-tennis","8":"tag-fr","9":"tag-france","10":"tag-sport365-fr","11":"tag-sports","12":"tag-tennis"},"share_on_mastodon":{"url":"https:\/\/pubeurope.com\/@fr\/115817970589748746","error":""},"_links":{"self":[{"href":"https:\/\/www.europesays.com\/fr\/wp-json\/wp\/v2\/posts\/633508","targetHints":{"allow":["GET"]}}],"collection":[{"href":"https:\/\/www.europesays.com\/fr\/wp-json\/wp\/v2\/posts"}],"about":[{"href":"https:\/\/www.europesays.com\/fr\/wp-json\/wp\/v2\/types\/post"}],"author":[{"embeddable":true,"href":"https:\/\/www.europesays.com\/fr\/wp-json\/wp\/v2\/users\/2"}],"replies":[{"embeddable":true,"href":"https:\/\/www.europesays.com\/fr\/wp-json\/wp\/v2\/comments?post=633508"}],"version-history":[{"count":0,"href":"https:\/\/www.europesays.com\/fr\/wp-json\/wp\/v2\/posts\/633508\/revisions"}],"wp:featuredmedia":[{"embeddable":true,"href":"https:\/\/www.europesays.com\/fr\/wp-json\/wp\/v2\/media\/633509"}],"wp:attachment":[{"href":"https:\/\/www.europesays.com\/fr\/wp-json\/wp\/v2\/media?parent=633508"}],"wp:term":[{"taxonomy":"category","embeddable":true,"href":"https:\/\/www.europesays.com\/fr\/wp-json\/wp\/v2\/categories?post=633508"},{"taxonomy":"post_tag","embeddable":true,"href":"https:\/\/www.europesays.com\/fr\/wp-json\/wp\/v2\/tags?post=633508"}],"curies":[{"name":"wp","href":"https:\/\/api.w.org\/{rel}","templated":true}]}}