{"id":633515,"date":"2026-01-01T04:38:23","date_gmt":"2026-01-01T04:38:23","guid":{"rendered":"https:\/\/www.europesays.com\/fr\/633515\/"},"modified":"2026-01-01T04:38:23","modified_gmt":"2026-01-01T04:38:23","slug":"figeac-marianne-dirksen-expose-ses-toiles-rue-emile-zola","status":"publish","type":"post","link":"https:\/\/www.europesays.com\/fr\/633515\/","title":{"rendered":"Figeac. Marianne Dirksen expose ses toiles rue \u00c9mile Zola"},"content":{"rendered":"<p>L\u2019artiste-peintre Marianne Dirksen est mise \u00e0 l\u2019honneur depuis le 16 d\u00e9cembre jusqu\u2019au 16 mars 2026, \u00e0 l\u2019occasion d\u2019une exposition qui se tient \u00e0 l\u2019atelier de c\u00e9ramique La Factorie et \u00e0 la librairie ancienne Parr\u00easia, aux 15 et 20 rue \u00c9mile Zola.<\/p>\n<p>Originaire de Hollande, Marianne Dirksen s\u2019est form\u00e9e \u00e0 l\u2019Acad\u00e9mie royale des beaux-arts de La Haye. Aujourd\u2019hui, c\u2019est dans le Lot, du c\u00f4t\u00e9 d\u2019Assier, qu\u2019elle vit et qu\u2019elle peint. Et c\u2019est bien le Lot, le causse en particulier, qui est omnipr\u00e9sent dans son \u0153uvre. Elle y trouve \u00ab\u00a0un environnement vrai\u00a0\u00bb, un retour \u00e0 la simplicit\u00e9 de la Nature, qui a marqu\u00e9 un tournant dans sa trajectoire artistique. Pour autant, les tableaux de l\u2019artiste ne sont pas des peintures du terroir. C\u00f4toyant quelques grands formats, on d\u00e9couvre dans l\u2019exposition une majorit\u00e9 de diptyques de petits formats dans la vingtaine de toiles expos\u00e9es. Des huiles sur bois surtout, repr\u00e9sentant une biche, puis une autre, ou encore un jardinet enneig\u00e9 \u00e0 Cajarc, puis un autre. Les fonds de tableaux sont g\u00e9n\u00e9ralement trait\u00e9s de fa\u00e7on classique, et les clins d\u2019\u0153il \u00e0 la peinture flamande sont nombreux. Il se d\u00e9gage des tableaux expos\u00e9s une forme de simplicit\u00e9 et de s\u00e9r\u00e9nit\u00e9 emplies d\u2019une \u00e9mouvante profondeur.<\/p>\n<p>Cette exposition des \u0153uvres de Marianne Dirksen est la 3e organis\u00e9e conjointement par Aude Lecocq (atelier La Factorie) et Thomas Feixa (librairie Parr\u00easia) dans leurs locaux. Tous deux comptent bien p\u00e9renniser leur collaboration en proposant de d\u00e9couvrir de nouveaux artistes de fa\u00e7on trimestrielle. Ce format conna\u00eet d\u2019ailleurs un beau succ\u00e8s, puisque la programmation 2026 est d\u00e9j\u00e0 compl\u00e8te.<\/p>\n<p>L\u2019exposition de l\u2019\u0153uvre de Marianne Dirksen est \u00e0 d\u00e9couvrir tous les apr\u00e8s-midi du mardi au samedi, de 14 heures \u00e0 18 heures.<\/p>\n","protected":false},"excerpt":{"rendered":"L\u2019artiste-peintre Marianne Dirksen est mise \u00e0 l\u2019honneur depuis le 16 d\u00e9cembre jusqu\u2019au 16 mars 2026, \u00e0 l\u2019occasion d\u2019une&hellip;\n","protected":false},"author":2,"featured_media":633516,"comment_status":"","ping_status":"","sticky":false,"template":"","format":"standard","meta":{"footnotes":""},"categories":[1358],"tags":[1348,1384,1385,872,1386,58,59,1349,68974,1011,27,20064],"class_list":{"0":"post-633515","1":"post","2":"type-post","3":"status-publish","4":"format-standard","5":"has-post-thumbnail","7":"category-arts-et-design","8":"tag-arts","9":"tag-arts-and-design","10":"tag-arts-et-design","11":"tag-culture-et-loisirs","12":"tag-design","13":"tag-divertissement","14":"tag-entertainment","15":"tag-expositions","16":"tag-figeac","17":"tag-fr","18":"tag-france","19":"tag-lot"},"share_on_mastodon":{"url":"https:\/\/pubeurope.com\/@fr\/115817998076748991","error":""},"_links":{"self":[{"href":"https:\/\/www.europesays.com\/fr\/wp-json\/wp\/v2\/posts\/633515","targetHints":{"allow":["GET"]}}],"collection":[{"href":"https:\/\/www.europesays.com\/fr\/wp-json\/wp\/v2\/posts"}],"about":[{"href":"https:\/\/www.europesays.com\/fr\/wp-json\/wp\/v2\/types\/post"}],"author":[{"embeddable":true,"href":"https:\/\/www.europesays.com\/fr\/wp-json\/wp\/v2\/users\/2"}],"replies":[{"embeddable":true,"href":"https:\/\/www.europesays.com\/fr\/wp-json\/wp\/v2\/comments?post=633515"}],"version-history":[{"count":0,"href":"https:\/\/www.europesays.com\/fr\/wp-json\/wp\/v2\/posts\/633515\/revisions"}],"wp:featuredmedia":[{"embeddable":true,"href":"https:\/\/www.europesays.com\/fr\/wp-json\/wp\/v2\/media\/633516"}],"wp:attachment":[{"href":"https:\/\/www.europesays.com\/fr\/wp-json\/wp\/v2\/media?parent=633515"}],"wp:term":[{"taxonomy":"category","embeddable":true,"href":"https:\/\/www.europesays.com\/fr\/wp-json\/wp\/v2\/categories?post=633515"},{"taxonomy":"post_tag","embeddable":true,"href":"https:\/\/www.europesays.com\/fr\/wp-json\/wp\/v2\/tags?post=633515"}],"curies":[{"name":"wp","href":"https:\/\/api.w.org\/{rel}","templated":true}]}}