{"id":633520,"date":"2026-01-01T04:42:16","date_gmt":"2026-01-01T04:42:16","guid":{"rendered":"https:\/\/www.europesays.com\/fr\/633520\/"},"modified":"2026-01-01T04:42:16","modified_gmt":"2026-01-01T04:42:16","slug":"cinema-que-vaut-ladaptation-du-livre-a-succes-la-femme-de-menage","status":"publish","type":"post","link":"https:\/\/www.europesays.com\/fr\/633520\/","title":{"rendered":"Cin\u00e9ma. Que vaut l&rsquo;adaptation du livre \u00e0 succ\u00e8s La Femme de m\u00e9nage\u00a0?"},"content":{"rendered":"<p>                    Par<br \/>\n        <strong><br \/>\n            <a href=\"https:\/\/actu.fr\/auteur\/cote-quimper\" title=\"Consulter tous les articles de R\u00e9daction C\u00f4t\u00e9 Quimper\" target=\"_blank\" rel=\"noopener\">R\u00e9daction C\u00f4t\u00e9 Quimper<\/a><br \/>\n                    <\/strong><\/p>\n<p>        Publi\u00e9 le<\/p>\n<p>            31 d\u00e9c. 2025 \u00e0 8h01        <\/p>\n<p><a href=\"https:\/\/actu.fr\/loisirs-culture\/comment-expliquer-le-succes-delirant-de-la-femme-de-menage-en-librairie-livre-bientot-adapte-au-cinema_63173087.html\" target=\"_blank\" rel=\"noopener\">Le cin\u00e9ma n\u2019a pas perdu de temps pour s\u2019emparer du roman \u00e0 succ\u00e8s, La Femme de m\u00e9nage<\/a>, de l\u2019autrice <b>Freida Mc Fadden<\/b>, paru en 2022 et \u00e9dit\u00e9 \u00e0 3,5 millions d\u2019exemplaires dans 45 langues, excusez du peu\u2026<\/p>\n<p>Tous les clich\u00e9s de la com\u00e9die romantico-\u00e9rotique<\/p>\n<p class=\" wall-content\">L\u2019adaptation du best-seller est r\u00e9alis\u00e9e par <b>Paul Feig<\/b>, mais il certainement plus agr\u00e9able de ne pas avoir lu le livre pour appr\u00e9cier le film, car le plus grand int\u00e9r\u00eat de ce thriller r\u00e9side dans la surprise provoqu\u00e9e par le twist, qui permet de sortir de la salle avec une impression positive.<\/p>\n<p class=\" wall-content\">La bande-annonce est \u00e0 regarder sur YouTube :\u00a0<\/p>\n<p class=\" wall-content\">\n<p class=\" wall-content\">Le film prend tout son temps pour installer des personnages tr\u00e8s caricaturaux, fr\u00f4lant parfois le ridicule avec la belle-maman mi Cruella, mi Miranda, et le t\u00e9n\u00e9breux faussement myst\u00e9rieux jardinier italien.<\/p>\n<p>Des actrices au rendez-vous<\/p>\n<p class=\" wall-content\">Le d\u00e9cor de la maison luxueuse, qui aurait pu renforcer l\u2019intrigue, reste sous exploit\u00e9. Le sc\u00e9nario utilise jusqu\u2019\u00e0 sati\u00e9t\u00e9 tous les clich\u00e9s de la com\u00e9die romantico-\u00e9rotique. Heureusement <b>Amanda Seyfried<\/b> et la jeune <b>Indiana Elle<\/b> qui interpr\u00e8tent Nina et sa fille C\u00e9cilia parviennent rapidement \u00e0 \u00eatre r\u00e9ellement inqui\u00e9tantes et \u00e0 maintenir une tension n\u00e9cessaire jusqu\u2019\u00e0 la r\u00e9v\u00e9lation malgr\u00e9 le manque de relief de la mise en sc\u00e8ne.<\/p>\n<p class=\" wall-content\">La Femme de m\u00e9nage n\u2019est donc pas \u00e0 balayer d\u2019un revers de la main.<\/p>\n<p class=\" wall-content\"><b>Sole\u00f1 Thoinnet De La Turmeli\u00e8re<\/b><\/p>\n<p class=\" wall-content\">Personnalisez votre actualit\u00e9 en ajoutant vos villes et m\u00e9dias en favori avec <a href=\"https:\/\/moncompte.actu.fr\" title=\"D\u00e9couvez Mon Actu\" rel=\"nofollow noopener\" data-trk=\"{&quot;cta&quot;:{&quot;action&quot;:&quot;https:\\\/\\\/moncompte.actu.fr&quot;,&quot;category&quot;:&quot;mon compte&quot;,&quot;from&quot;:&quot;article footer&quot;,&quot;name&quot;:&quot;Mon actu&quot;,&quot;type&quot;:&quot;cta&quot;}}\" target=\"_blank\">Mon Actu<\/a>.<\/p>\n","protected":false},"excerpt":{"rendered":"Par R\u00e9daction C\u00f4t\u00e9 Quimper Publi\u00e9 le 31 d\u00e9c. 2025 \u00e0 8h01 Le cin\u00e9ma n\u2019a pas perdu de temps&hellip;\n","protected":false},"author":2,"featured_media":633521,"comment_status":"","ping_status":"","sticky":false,"template":"","format":"standard","meta":{"footnotes":""},"categories":[1354],"tags":[650,58,59,1346,1011,27,1652,1360],"class_list":{"0":"post-633520","1":"post","2":"type-post","3":"status-publish","4":"format-standard","5":"has-post-thumbnail","7":"category-films","8":"tag-cinema","9":"tag-divertissement","10":"tag-entertainment","11":"tag-films","12":"tag-fr","13":"tag-france","14":"tag-loisirs-culture","15":"tag-movies"},"share_on_mastodon":{"url":"https:\/\/pubeurope.com\/@fr\/115818013845802026","error":""},"_links":{"self":[{"href":"https:\/\/www.europesays.com\/fr\/wp-json\/wp\/v2\/posts\/633520","targetHints":{"allow":["GET"]}}],"collection":[{"href":"https:\/\/www.europesays.com\/fr\/wp-json\/wp\/v2\/posts"}],"about":[{"href":"https:\/\/www.europesays.com\/fr\/wp-json\/wp\/v2\/types\/post"}],"author":[{"embeddable":true,"href":"https:\/\/www.europesays.com\/fr\/wp-json\/wp\/v2\/users\/2"}],"replies":[{"embeddable":true,"href":"https:\/\/www.europesays.com\/fr\/wp-json\/wp\/v2\/comments?post=633520"}],"version-history":[{"count":0,"href":"https:\/\/www.europesays.com\/fr\/wp-json\/wp\/v2\/posts\/633520\/revisions"}],"wp:featuredmedia":[{"embeddable":true,"href":"https:\/\/www.europesays.com\/fr\/wp-json\/wp\/v2\/media\/633521"}],"wp:attachment":[{"href":"https:\/\/www.europesays.com\/fr\/wp-json\/wp\/v2\/media?parent=633520"}],"wp:term":[{"taxonomy":"category","embeddable":true,"href":"https:\/\/www.europesays.com\/fr\/wp-json\/wp\/v2\/categories?post=633520"},{"taxonomy":"post_tag","embeddable":true,"href":"https:\/\/www.europesays.com\/fr\/wp-json\/wp\/v2\/tags?post=633520"}],"curies":[{"name":"wp","href":"https:\/\/api.w.org\/{rel}","templated":true}]}}