{"id":633540,"date":"2026-01-01T04:58:18","date_gmt":"2026-01-01T04:58:18","guid":{"rendered":"https:\/\/www.europesays.com\/fr\/633540\/"},"modified":"2026-01-01T04:58:18","modified_gmt":"2026-01-01T04:58:18","slug":"a-paris-une-classe-de-port-ariane-recoit-le-prix-special-de-la-laicite","status":"publish","type":"post","link":"https:\/\/www.europesays.com\/fr\/633540\/","title":{"rendered":"\u00c0 Paris, une classe de Port-Ariane re\u00e7oit le prix sp\u00e9cial de la la\u00efcit\u00e9"},"content":{"rendered":"<p>Pour les 24 \u00e9l\u00e8ves du cours moyen de Lydia Cabedo de l\u2019\u00e9cole de Port-Ariane, \u00e0 Lattes, le fait marquant de ce premier trimestre de l\u2019ann\u00e9e scolaire restera sans doute leur voyage \u00e0 Paris.<\/p>\n<p>Si les voyages forment la jeunesse, l\u2019\u00e9cole et ses enseignants y contribuent pour beaucoup \u00e9galement. Fin d\u00e9cembre, que faisaient \u00e0 Paris, dans les salons du minist\u00e8re de l\u2019Int\u00e9rieur, les \u00e9coliers lattois ? Ils \u00e9taient les invit\u00e9s de Marie-Pierre V\u00e9drenne, ministre d\u00e9l\u00e9gu\u00e9e, avec les douze laur\u00e9ats du concours national sur la la\u00efcit\u00e9. La la\u00efcit\u00e9 qui a f\u00eat\u00e9, le 9 d\u00e9cembre 2025, les 120 ans de la promulgation de sa loi qui assure la libert\u00e9 de conscience et garantit le libre exercice des cultes.<\/p>\n<p>C\u2019est le Prix sp\u00e9cial qui a r\u00e9compens\u00e9 la classe pour son spot de quatre minutes, un film intitul\u00e9 L\u2019histoire de la la\u00efcit\u00e9. Apr\u00e8s l\u2019intervention, d\u00e9but octobre, de quatre intervenants, le projet a pris corps autour des valeurs r\u00e9publicaines et la\u00efques. L\u2019id\u00e9e d\u2019un film a vite germ\u00e9, on sait faire \u00e0 Port-Ariane car, chaque ann\u00e9e, l\u2019\u00e9cole organise son festival de courts m\u00e9trages, le fameux \u00ab\u00a0Courts d\u2019\u00e9cole\u00a0\u00bb. Le scenario reprend quatre \u00e9v\u00e8nements largement expliqu\u00e9s dans le programme officiel d\u2019histoire. La Saint-Barth\u00e9l\u00e9my de 1572, la R\u00e9vocation de l\u2019\u00c9dit de Nantes de 1798, la loi de 1905 instituant les Droits de l\u2019homme et du citoyen et la R\u00e9volution fran\u00e7aise de 1789. Le spot, en quatre tableaux, a \u00e9t\u00e9 tourn\u00e9 au mus\u00e9e arch\u00e9ologique Henri-Prades et tous les \u00e9l\u00e8ves ont particip\u00e9. Une exp\u00e9rience hors du commun, un travail collectif justement r\u00e9compens\u00e9. Des partenaires tr\u00e8s heureux d\u2019avoir cru en cette aventure conclue par une \u00e9l\u00e8ve : \u00ab\u00a0La la\u00efcit\u00e9, ce n\u2019est pas une histoire, c\u2019est ce que nous en faisons tous les jours.\u00a0\u00bb<\/p>\n<p>Correspondante Midi Libre : 07 49 09 32 01<\/p>\n","protected":false},"excerpt":{"rendered":"Pour les 24 \u00e9l\u00e8ves du cours moyen de Lydia Cabedo de l\u2019\u00e9cole de Port-Ariane, \u00e0 Lattes, le fait&hellip;\n","protected":false},"author":2,"featured_media":633541,"comment_status":"","ping_status":"","sticky":false,"template":"","format":"standard","meta":{"footnotes":""},"categories":[9599],"tags":[1111,11,1057,1777,674,1011,27,7089,66497,2208,12,2680,25],"class_list":{"0":"post-633540","1":"post","2":"type-post","3":"status-publish","4":"format-standard","5":"has-post-thumbnail","7":"category-montpellier","8":"tag-actu","9":"tag-actualites","10":"tag-education","11":"tag-eu","12":"tag-europe","13":"tag-fr","14":"tag-france","15":"tag-herault","16":"tag-lattes","17":"tag-montpellier","18":"tag-news","19":"tag-occitanie","20":"tag-republique-francaise"},"share_on_mastodon":{"url":"https:\/\/pubeurope.com\/@fr\/115818076780763589","error":""},"_links":{"self":[{"href":"https:\/\/www.europesays.com\/fr\/wp-json\/wp\/v2\/posts\/633540","targetHints":{"allow":["GET"]}}],"collection":[{"href":"https:\/\/www.europesays.com\/fr\/wp-json\/wp\/v2\/posts"}],"about":[{"href":"https:\/\/www.europesays.com\/fr\/wp-json\/wp\/v2\/types\/post"}],"author":[{"embeddable":true,"href":"https:\/\/www.europesays.com\/fr\/wp-json\/wp\/v2\/users\/2"}],"replies":[{"embeddable":true,"href":"https:\/\/www.europesays.com\/fr\/wp-json\/wp\/v2\/comments?post=633540"}],"version-history":[{"count":0,"href":"https:\/\/www.europesays.com\/fr\/wp-json\/wp\/v2\/posts\/633540\/revisions"}],"wp:featuredmedia":[{"embeddable":true,"href":"https:\/\/www.europesays.com\/fr\/wp-json\/wp\/v2\/media\/633541"}],"wp:attachment":[{"href":"https:\/\/www.europesays.com\/fr\/wp-json\/wp\/v2\/media?parent=633540"}],"wp:term":[{"taxonomy":"category","embeddable":true,"href":"https:\/\/www.europesays.com\/fr\/wp-json\/wp\/v2\/categories?post=633540"},{"taxonomy":"post_tag","embeddable":true,"href":"https:\/\/www.europesays.com\/fr\/wp-json\/wp\/v2\/tags?post=633540"}],"curies":[{"name":"wp","href":"https:\/\/api.w.org\/{rel}","templated":true}]}}