{"id":633542,"date":"2026-01-01T05:00:08","date_gmt":"2026-01-01T05:00:08","guid":{"rendered":"https:\/\/www.europesays.com\/fr\/633542\/"},"modified":"2026-01-01T05:00:08","modified_gmt":"2026-01-01T05:00:08","slug":"un-interne-en-pharmacie-de-27-ans-retrouve-mort-a-lhopital","status":"publish","type":"post","link":"https:\/\/www.europesays.com\/fr\/633542\/","title":{"rendered":"Un interne en pharmacie de 27 ans retrouv\u00e9 mort \u00e0 l\u2019h\u00f4pital"},"content":{"rendered":"<p>Lundi, un interne au CHU de <a href=\"https:\/\/www.20minutes.fr\/montpellier\/\" class=\"c-link c-link--is-underlined\" target=\"_blank\" rel=\"noopener\">Montpellier<\/a> a \u00e9t\u00e9 retrouv\u00e9 mort lundi sur son lieu de travail, a annonc\u00e9 l\u2019h\u00f4pital dans un communiqu\u00e9. \u00ab\u00a0Le CHU de Montpellier a l\u2019immense tristesse d\u2019annoncer le d\u00e9c\u00e8s brutal d\u2019un interne en <a href=\"https:\/\/www.20minutes.fr\/dossier\/pharmacie\" class=\"c-link c-link--is-underlined\" target=\"_blank\" rel=\"noopener\">pharmacie<\/a> le lundi 29\u00a0d\u00e9cembre\u00a0\u00bb, pr\u00e9cise l\u2019\u00e9tablissement dans un communiqu\u00e9 mercredi, sans donner de pr\u00e9cision sur les causes et les circonstances du d\u00e9c\u00e8s.<\/p>\n<p>\u00ab\u00a0Une enqu\u00eate est en cours\u00a0\u00bb, ajoute le CHU et \u00ab\u00a0toute les informations disponibles ont \u00e9t\u00e9 adress\u00e9es aux autorit\u00e9s comp\u00e9tentes, dans un souci de transparence et de coordination des actions dans ces contexte douloureux.\u00a0\u00bb Un dispositif de soutien psychologique a \u00e9t\u00e9 mis en place.<\/p>\n<\/p>\n<p>Une enqu\u00eate en cours<\/p>\n<p>Une source proche du dossier avait pr\u00e9c\u00e9demment indiqu\u00e9 qu\u2019il s\u2019agirait d\u2019un suicide \u00ab\u00a0par absorption m\u00e9dicamenteuse\u00a0\u00bb. N\u00e9anmoins, la famille conteste formellement cette version aupr\u00e8s de l\u2019AFP, pr\u00e9cisant que le d\u00e9funt est d\u00e9c\u00e9d\u00e9 pendant sa garde \u00e0 l\u2019h\u00f4pital et l\u2019enqu\u00eate en cours d\u00e9terminera les causes exactes de son d\u00e9c\u00e8s. Contact\u00e9, le parquet de Montpellier n\u2019avait pas encore r\u00e9pondu \u00e0 cette heure.<\/p>\n<p>Selon une enqu\u00eate men\u00e9e par l\u2019ISNI (InterSyndicale Nationale des Internes) en\u00a02024, 66\u00a0% <a href=\"https:\/\/www.20minutes.fr\/sante\/3288279-20220512-sante-mentale-burn-out-syndrome-tres-contagieux-chez-internes-medecine\" class=\"c-link c-link--is-underlined\" target=\"_blank\" rel=\"noopener\">des externes et internes d\u00e9claraient \u00eatre en situation de burn-out<\/a>, 21\u00a0% avoir eu des id\u00e9es suicidaires, et 70\u00a0% ont d\u00e9j\u00e0 envisag\u00e9 de quitter la m\u00e9decine. \u00ab\u00a0On a un interne qui se suicide tous les 18 jours\u00a0\u00bb, rappelait Sophie Bauer, pr\u00e9sidente du SML (Syndicat des M\u00e9decins Lib\u00e9raux), \u00e0 l\u2019AFP, citant une statistique de\u00a02021.<\/p>\n","protected":false},"excerpt":{"rendered":"Lundi, un interne au CHU de Montpellier a \u00e9t\u00e9 retrouv\u00e9 mort lundi sur son lieu de travail, a&hellip;\n","protected":false},"author":2,"featured_media":633543,"comment_status":"","ping_status":"","sticky":false,"template":"","format":"standard","meta":{"footnotes":""},"categories":[9599],"tags":[1111,47,11,4309,4854,1777,674,118,1011,27,7089,100,2681,2208,12,2680,15299,25,71,2072,5748],"class_list":{"0":"post-633542","1":"post","2":"type-post","3":"status-publish","4":"format-standard","5":"has-post-thumbnail","7":"category-montpellier","8":"tag-actu","9":"tag-actualite","10":"tag-actualites","11":"tag-chu","12":"tag-enseignement-superieur","13":"tag-eu","14":"tag-europe","15":"tag-faits-divers","16":"tag-fr","17":"tag-france","18":"tag-herault","19":"tag-hopital","20":"tag-languedoc-roussillon","21":"tag-montpellier","22":"tag-news","23":"tag-occitanie","24":"tag-pharmacie","25":"tag-republique-francaise","26":"tag-sante","27":"tag-sante-mentale","28":"tag-suicide"},"share_on_mastodon":{"url":"https:\/\/pubeurope.com\/@fr\/115818084630661111","error":""},"_links":{"self":[{"href":"https:\/\/www.europesays.com\/fr\/wp-json\/wp\/v2\/posts\/633542","targetHints":{"allow":["GET"]}}],"collection":[{"href":"https:\/\/www.europesays.com\/fr\/wp-json\/wp\/v2\/posts"}],"about":[{"href":"https:\/\/www.europesays.com\/fr\/wp-json\/wp\/v2\/types\/post"}],"author":[{"embeddable":true,"href":"https:\/\/www.europesays.com\/fr\/wp-json\/wp\/v2\/users\/2"}],"replies":[{"embeddable":true,"href":"https:\/\/www.europesays.com\/fr\/wp-json\/wp\/v2\/comments?post=633542"}],"version-history":[{"count":0,"href":"https:\/\/www.europesays.com\/fr\/wp-json\/wp\/v2\/posts\/633542\/revisions"}],"wp:featuredmedia":[{"embeddable":true,"href":"https:\/\/www.europesays.com\/fr\/wp-json\/wp\/v2\/media\/633543"}],"wp:attachment":[{"href":"https:\/\/www.europesays.com\/fr\/wp-json\/wp\/v2\/media?parent=633542"}],"wp:term":[{"taxonomy":"category","embeddable":true,"href":"https:\/\/www.europesays.com\/fr\/wp-json\/wp\/v2\/categories?post=633542"},{"taxonomy":"post_tag","embeddable":true,"href":"https:\/\/www.europesays.com\/fr\/wp-json\/wp\/v2\/tags?post=633542"}],"curies":[{"name":"wp","href":"https:\/\/api.w.org\/{rel}","templated":true}]}}