{"id":633566,"date":"2026-01-01T05:22:15","date_gmt":"2026-01-01T05:22:15","guid":{"rendered":"https:\/\/www.europesays.com\/fr\/633566\/"},"modified":"2026-01-01T05:22:15","modified_gmt":"2026-01-01T05:22:15","slug":"quelles-sont-les-restrictions-de-circulation-en-centre-ville","status":"publish","type":"post","link":"https:\/\/www.europesays.com\/fr\/633566\/","title":{"rendered":"quelles sont les restrictions de circulation en centre-ville ?"},"content":{"rendered":"<p>Comme chaque fin d&rsquo;ann\u00e9e, la nuit de la Saint-Sylvestre rime avec rassemblements festifs\u2026 et mesures de s\u00e9curit\u00e9 renforc\u00e9es. \u00c0 <a href=\"https:\/\/www.laprovence.com\/region\/Edition-marseille\" target=\"_blank\" rel=\"noopener\">Marseille<\/a>, le secteur du <a href=\"https:\/\/www.laprovence.com\/article\/region\/14685288649037\/marseille-des-restrictions-de-circulation-ce-dimanche-apres-midi-pour-la-17e-corrida-du-vieux-port\" target=\"_blank\" rel=\"noopener\">Vieux-Port <\/a>sera particuli\u00e8rement concern\u00e9 par une interdiction de circulation d\u00e9cid\u00e9e par la pr\u00e9fecture.<\/p>\n<p>Circulation interdite autour du Vieux-Port pour le r\u00e9veillon<\/p>\n<p>Par arr\u00eat\u00e9 pr\u00e9fectoral, la <a href=\"https:\/\/www.laprovence.com\/info-trafic\" target=\"_blank\" rel=\"noopener\">circulation<\/a> de tous les v\u00e9hicules \u00e0 moteur sera temporairement interdite dans plusieurs axes strat\u00e9giques du centre-ville de Marseille, entre le 31 d\u00e9cembre 2025 \u00e0 18 heures et le 1er janvier 2026 \u00e0 2 heures du matin.<\/p>\n<p>Par arr\u00eat\u00e9 pr\u00e9fectoral, la circulation de tous les v\u00e9hicules \u00e0 moteur sera temporairement interdite dans plusieurs axes strat\u00e9giques du <a href=\"https:\/\/www.laprovence.com\/article\/region\/58282856787993\/le-renouvellement-des-commerces-sur-la-canebiere-se-poursuit-a-marseille\" target=\"_blank\" rel=\"noopener\">centre-ville de Marseille<\/a>, entre le 31 d\u00e9cembre 2025 \u00e0 18 heures et le 1er janvier 2026 \u00e0 2 heures du matin.<\/p>\n<p>Cette d\u00e9cision vise principalement le secteur du Quai des Belges, point de rassemblement habituel lors des c\u00e9l\u00e9brations de fin d&rsquo;ann\u00e9e. Les voies concern\u00e9es sont :<\/p>\n<ul>&#13;<\/p>\n<li>Quai du Port, entre la rue de la Bonneterie et le Quai des Belges\u00a0<\/li>\n<p>&#13;<\/p>\n<li>Rue de la R\u00e9publique, entre la rue Coutellerie et le Quai des Belges\u00a0<\/li>\n<p>&#13;<\/p>\n<li>Quai des Belges, de la rue de la R\u00e9publique jusqu&rsquo;\u00e0 l&rsquo;angle du cours Jean-Ballard.<\/li>\n<p>&#13;\n<\/ul>\n<p>Un contexte festif et s\u00e9curitaire sensible<\/p>\n<p>La pr\u00e9fecture justifie ces restrictions par plusieurs facteurs : les festivit\u00e9s du <a href=\"https:\/\/www.laprovence.com\/article\/societe\/8525105797200214\/nouvel-an-un-quart-des-francais-comptent-prendre-le-volant-lors-du-reveillon-une-proportion-en-hausse\" target=\"_blank\" rel=\"noopener\">Nouvel An<\/a>, mais aussi la Coupe d&rsquo;Afrique des Nations, tr\u00e8s suivie \u00e0 Marseille. Le mercredi 31 d\u00e9cembre, un match opposant la Guin\u00e9e \u00e9quatoriale \u00e0 l&rsquo;Alg\u00e9rie doit notamment \u00eatre disput\u00e9 \u00e0 17 heures, un contexte susceptible d&rsquo;entra\u00eener des rassemblements spontan\u00e9s et non d\u00e9clar\u00e9s.<\/p>\n<p>Des pr\u00e9c\u00e9dents r\u00e9cents sont cit\u00e9s par les autorit\u00e9s dans le communiqu\u00e9, notamment dans la nuit du 28 au 29 d\u00e9cembre 2025, lorsque pr\u00e8s de 800 personnes s&rsquo;\u00e9taient r\u00e9unies pour c\u00e9l\u00e9brer une victoire sportive, perturbant fortement la circulation et donnant lieu \u00e0 l&rsquo;usage d&rsquo;engins <a href=\"https:\/\/www.laprovence.com\/article\/region\/86084466988249\/feu-dartifice-drones-et-concert-le-noel-marseillais-a-ambiance-le-vieux-port\" target=\"_blank\" rel=\"noopener\">pyrotechniques<\/a>.<\/p>\n<p>Maintenir l&rsquo;ordre public et pr\u00e9venir les risques<\/p>\n<p>L&rsquo;arr\u00eat\u00e9 \u00e9voque \u00e9galement un niveau \u00e9lev\u00e9 de la menace terroriste, renfor\u00e7ant la n\u00e9cessit\u00e9 de s\u00e9curiser les rassemblements et de pr\u00e9server la capacit\u00e9 d&rsquo;intervention des forces de l&rsquo;ordre. La mesure, limit\u00e9e dans le temps et l&rsquo;espace, vise \u00e0 garantir la s\u00e9curit\u00e9 des usagers de la route, des riverains et des participants aux festivit\u00e9s.<\/p>\n<p>La r\u00e9ouverture des axes concern\u00e9s interviendra d\u00e8s que les conditions de s\u00e9curit\u00e9 le permettront et qu&rsquo;aucun obstacle ne subsistera sur la chauss\u00e9e.<\/p>\n<p>Les autorit\u00e9s appellent les automobilistes \u00e0 anticiper leurs d\u00e9placements et \u00e0 privil\u00e9gier des itin\u00e9raires alternatifs ou les transports en commun pour la soir\u00e9e du r\u00e9veillon.<\/p>\n","protected":false},"excerpt":{"rendered":"Comme chaque fin d&rsquo;ann\u00e9e, la nuit de la Saint-Sylvestre rime avec rassemblements festifs\u2026 et mesures de s\u00e9curit\u00e9 renforc\u00e9es.&hellip;\n","protected":false},"author":2,"featured_media":633567,"comment_status":"","ping_status":"","sticky":false,"template":"","format":"standard","meta":{"footnotes":""},"categories":[2814],"tags":[17,1111,11,1777,674,1011,27,151,884,12,10542,882,4022,16,25,16524,69048,3333],"class_list":{"0":"post-633566","1":"post","2":"type-post","3":"status-publish","4":"format-standard","5":"has-post-thumbnail","7":"category-marseille","8":"tag-17","9":"tag-actu","10":"tag-actualites","11":"tag-eu","12":"tag-europe","13":"tag-fr","14":"tag-france","15":"tag-les","16":"tag-marseille","17":"tag-news","18":"tag-nouvel","19":"tag-provence-alpes-cote-dazur","20":"tag-quelles","21":"tag-region","22":"tag-republique-francaise","23":"tag-restrictions","24":"tag-reveillon","25":"tag-sont"},"share_on_mastodon":{"url":"https:\/\/pubeurope.com\/@fr\/115818171122266118","error":""},"_links":{"self":[{"href":"https:\/\/www.europesays.com\/fr\/wp-json\/wp\/v2\/posts\/633566","targetHints":{"allow":["GET"]}}],"collection":[{"href":"https:\/\/www.europesays.com\/fr\/wp-json\/wp\/v2\/posts"}],"about":[{"href":"https:\/\/www.europesays.com\/fr\/wp-json\/wp\/v2\/types\/post"}],"author":[{"embeddable":true,"href":"https:\/\/www.europesays.com\/fr\/wp-json\/wp\/v2\/users\/2"}],"replies":[{"embeddable":true,"href":"https:\/\/www.europesays.com\/fr\/wp-json\/wp\/v2\/comments?post=633566"}],"version-history":[{"count":0,"href":"https:\/\/www.europesays.com\/fr\/wp-json\/wp\/v2\/posts\/633566\/revisions"}],"wp:featuredmedia":[{"embeddable":true,"href":"https:\/\/www.europesays.com\/fr\/wp-json\/wp\/v2\/media\/633567"}],"wp:attachment":[{"href":"https:\/\/www.europesays.com\/fr\/wp-json\/wp\/v2\/media?parent=633566"}],"wp:term":[{"taxonomy":"category","embeddable":true,"href":"https:\/\/www.europesays.com\/fr\/wp-json\/wp\/v2\/categories?post=633566"},{"taxonomy":"post_tag","embeddable":true,"href":"https:\/\/www.europesays.com\/fr\/wp-json\/wp\/v2\/tags?post=633566"}],"curies":[{"name":"wp","href":"https:\/\/api.w.org\/{rel}","templated":true}]}}