{"id":633572,"date":"2026-01-01T05:25:20","date_gmt":"2026-01-01T05:25:20","guid":{"rendered":"https:\/\/www.europesays.com\/fr\/633572\/"},"modified":"2026-01-01T05:25:20","modified_gmt":"2026-01-01T05:25:20","slug":"une-deputee-laccuse-de-glorifier-un-islamiste","status":"publish","type":"post","link":"https:\/\/www.europesays.com\/fr\/633572\/","title":{"rendered":"une d\u00e9put\u00e9e l&rsquo;accuse de \u00ab\u00a0glorifier un islamiste\u00a0\u00bb"},"content":{"rendered":"<p>                    Par<br \/>\n        <strong><br \/>\n            <a href=\"https:\/\/actu.fr\/auteur\/anthony-soudani\" title=\"Consulter tous les articles de Anthony Soudani\" target=\"_blank\" rel=\"noopener\">Anthony Soudani<\/a><br \/>\n                    <\/strong><\/p>\n<p>        Publi\u00e9 le<\/p>\n<p>            31 d\u00e9c. 2025 \u00e0 17h24<br \/>\n        ; mis \u00e0 jour le 31 d\u00e9c. 2025 \u00e0 17h42    <\/p>\n<p>C\u2019est certainement une nouvelle pol\u00e9mique dont <a href=\"https:\/\/actu.fr\/auvergne-rhone-alpes\/lyon_69123\/lyon-gregory-doucet-punit-un-agent-la-sanction-se-retourne-contre-la-mairie-en-justice_63625281.html\" target=\"_blank\" rel=\"noopener\">Gr\u00e9gory Doucet<\/a>, maire \u00e9cologiste sortant de Lyon, se serait bien pass\u00e9. <strong>Caroline Yadan<\/strong>, la d\u00e9put\u00e9e de la 8e circonscription des Fran\u00e7ais \u00e9tablis hors de France, dont Isra\u00ebl, accuse la Ville de <a href=\"https:\/\/actu.fr\/lyon\/\" target=\"_blank\" rel=\"noopener\">Lyon<\/a> d\u2019avoir \u00e9rig\u00e9 en citoyen d\u2019honneur \u00ab\u00a0un colonel du Hamas\u00a0\u00bb, en la personne de Hussam Abu Safiya, directeur d\u2019h\u00f4pital \u00e0 Gaza.\u00a0<\/p>\n<p>\u00ab\u00a0Gr\u00e9gory Doucet glorifie un islamiste notoire, admirateur de barbares massacreurs de civils\u00a0\u00bb<\/p>\n<p class=\" wall-content\">L\u2019\u00e9lue affili\u00e9e \u00e0 Renaissance, qui a pris ses distances avec le pr\u00e9sident Emmanuel Macron depuis la reconnaissance officielle de l\u2019Etat de Palestine par la France, affirme que le choix de la mairie \u00ab\u00a0revient \u00e0 blanchir une organisation terroriste et faire l\u2019\u00e9loge du 7 octobre.\u00a0\u00bb<\/p>\n<p class=\" wall-content\">La d\u00e9put\u00e9e va m\u00eame plus loin en accusant Gr\u00e9gory Doucet de \u00ab\u00a0glorifier un islamiste notoire, admirateur de barbares massacreurs de civils\u00a0\u00bb.\u00a0<\/p>\n<p class=\" wall-content\">\n<p class=\" wall-content\">Caroline Yadan s\u2019appuie notamment sur <strong>un message post\u00e9 par le directeur d\u2019un h\u00f4pital \u00e0 Gaza le 9 octobre 2023<\/strong>, seulement deux jours apr\u00e8s la violente attaque du Hamas contre Isra\u00ebl : \u00ab\u00a0Et ils pensaient que leurs forteresses les prot\u00e9geaient de Dieu, mais Dieu les surprit l\u00e0 o\u00f9 ils ne s\u2019y attendaient pas et sema la terreur dans leurs c\u0153urs.\u00a0\u00bb<\/p>\n<p class=\" wall-content\">Pour l\u2019\u00e9lue, \u00ab\u00a0il s\u2019agit l\u00e0 d\u2019une faute morale majeure. Une honte politique. Et une tache ind\u00e9l\u00e9bile sur l\u2019honneur de la Ville de Lyon.\u00a0\u00bb<\/p>\n<p>Hussam Abu Safiya, directeur d\u2019h\u00f4pital \u00e0 Gaza qui divise<\/p>\n<p class=\" wall-content\">Hussam Abu Safiya, directeur d\u2019h\u00f4pital \u00e0 Gaza, est d\u00e9tenu depuis un an par Isra\u00ebl. L\u2019\u00c9tat H\u00e9breu accuse l\u2019\u00e9tablissement d\u2019\u00eatre un centre de commandement du Hamas.<\/p>\n<p class=\" wall-content\">L\u2019avocate d\u2019Hussam Abu Safiya d\u00e9nonce, elle, des conditions d\u2019emprisonnement \u00ab\u00a0extr\u00eamement dures et inhumaines\u00a0\u00bb. Un rapport des Nations-Unies fait \u00e9tat de d\u00e9tentions arbitraires, de torture et de mauvais traitements visant le personnel m\u00e9dical arr\u00eat\u00e9.<\/p>\n<p>Votre r\u00e9gion, votre actu !<\/p>\n<p>Recevez chaque jour les infos qui comptent pour vous.<\/p>\n<p>\t<a href=\"https:\/\/actu.fr\/newsletter\" class=\"ac-btn ac-btn--corner ac-btn--medium ac-btn--blue800\" target=\"_blank\" rel=\"noopener\">S&rsquo;incrire<\/a><\/p>\n<p class=\" wall-content\">D\u00e9fenseur des droits humains pour ses soutiens, soup\u00e7onn\u00e9 d\u2019\u00eatre li\u00e9 au Hamas pour les autres, cet activiste palestinien fait d\u00e9bat.<\/p>\n<p>La Ville justifie son choix<\/p>\n<p class=\" wall-content\">Sollicit\u00e9 par la r\u00e9daction d\u2019actu Lyon, la mairie justifie son choix en indiquant que \u00ab\u00a0l\u2019attribution de la citoyennet\u00e9 d\u2019honneur s\u2019inscrit dans une d\u00e9marche collective\u00a0\u00bb. Cette ann\u00e9e, elle a \u00e9t\u00e9 faite \u00e0 \u00ab\u00a0six personnalit\u00e9s engag\u00e9es dans la d\u00e9fense des libert\u00e9s fondamentales\u00a0\u00bb.\u00a0<\/p>\n<p class=\" wall-content\">La Ville indique qu\u2019en ce qui concerne Hussam Abu Safiya, \u00ab\u00a0sa candidature a \u00e9t\u00e9 propos\u00e9e par la Cimade, organisation reconnue pour son engagement constant en faveur des droits des personnes vuln\u00e9rables et du respect du droit international humanitaire\u00a0\u00bb. En lui accordant la citoyennet\u00e9 d\u2019honneur, la Ville souhaite \u00ab\u00a0affirmer par <strong>un geste symbolique fort la n\u00e9cessit\u00e9 de la protection du personnel m\u00e9dical<\/strong> et le respect du droit international humanitaire en p\u00e9riode de guerre\u00a0\u00bb.<\/p>\n<p>Aulas attaque Doucet sur son choix<\/p>\n<p class=\" wall-content\"><a href=\"https:\/\/actu.fr\/auvergne-rhone-alpes\/lyon_69123\/lyon-municipales-2026-jean-michel-aulas-ecrase-toujours-gregory-doucet-surprise-pour-le-rn_63618539.html\" target=\"_blank\" rel=\"noopener\">Jean-Michel Aulas<\/a>, candidat face \u00e0 Gr\u00e9gory Doucet, a critiqu\u00e9 le choix de son adversaire sur X en retweetant une publication d\u2019Alain Jakubowicz qui voit en cet acte \u00ab\u00a0une ultime provocation du maire\u00a0\u00bb sortant.<\/p>\n<p class=\" wall-content\">\n<p class=\" wall-content\">L\u2019ancien pr\u00e9sident de l\u2019OL se dit \u00ab\u00a0stup\u00e9fait par une telle irresponsabilit\u00e9\u00a0\u00bb. Il assure que s\u2019il est \u00e9lu maire de Lyon, jamais je il \u00ab\u00a0ne jouerai avec ce qui divise\u00a0\u00bb. \u00ab\u00a0Jamais je ne sacrifierai l\u2019unit\u00e9 lyonnaise sur l\u2019autel d\u2019un calcul cynique. Lyon doit \u00eatre une ville de dignit\u00e9, de responsabilit\u00e9 et de paix civile.\u00a0\u00bb<\/p>\n<p class=\" wall-content\">Personnalisez votre actualit\u00e9 en ajoutant vos villes et m\u00e9dias en favori avec <a href=\"https:\/\/moncompte.actu.fr\" title=\"D\u00e9couvez Mon Actu\" rel=\"nofollow noopener\" data-trk=\"{&quot;cta&quot;:{&quot;action&quot;:&quot;https:\\\/\\\/moncompte.actu.fr&quot;,&quot;category&quot;:&quot;mon compte&quot;,&quot;from&quot;:&quot;article footer&quot;,&quot;name&quot;:&quot;Mon actu&quot;,&quot;type&quot;:&quot;cta&quot;}}\" target=\"_blank\">Mon Actu<\/a>.<\/p>\n","protected":false},"excerpt":{"rendered":"Par Anthony Soudani Publi\u00e9 le 31 d\u00e9c. 2025 \u00e0 17h24 ; mis \u00e0 jour le 31 d\u00e9c. 2025&hellip;\n","protected":false},"author":2,"featured_media":633573,"comment_status":"","ping_status":"","sticky":false,"template":"","format":"standard","meta":{"footnotes":""},"categories":[1889],"tags":[1111,11,2430,1777,674,1011,27,5226,5643,3519,2428,12,316,25],"class_list":{"0":"post-633572","1":"post","2":"type-post","3":"status-publish","4":"format-standard","5":"has-post-thumbnail","7":"category-lyon","8":"tag-actu","9":"tag-actualites","10":"tag-auvergne-rhone-alpes","11":"tag-eu","12":"tag-europe","13":"tag-fr","14":"tag-france","15":"tag-gregory-doucet","16":"tag-guerre-israel-hamas","17":"tag-hamas","18":"tag-lyon","19":"tag-news","20":"tag-politique","21":"tag-republique-francaise"},"share_on_mastodon":{"url":"https:\/\/pubeurope.com\/@fr\/115818182948933544","error":""},"_links":{"self":[{"href":"https:\/\/www.europesays.com\/fr\/wp-json\/wp\/v2\/posts\/633572","targetHints":{"allow":["GET"]}}],"collection":[{"href":"https:\/\/www.europesays.com\/fr\/wp-json\/wp\/v2\/posts"}],"about":[{"href":"https:\/\/www.europesays.com\/fr\/wp-json\/wp\/v2\/types\/post"}],"author":[{"embeddable":true,"href":"https:\/\/www.europesays.com\/fr\/wp-json\/wp\/v2\/users\/2"}],"replies":[{"embeddable":true,"href":"https:\/\/www.europesays.com\/fr\/wp-json\/wp\/v2\/comments?post=633572"}],"version-history":[{"count":0,"href":"https:\/\/www.europesays.com\/fr\/wp-json\/wp\/v2\/posts\/633572\/revisions"}],"wp:featuredmedia":[{"embeddable":true,"href":"https:\/\/www.europesays.com\/fr\/wp-json\/wp\/v2\/media\/633573"}],"wp:attachment":[{"href":"https:\/\/www.europesays.com\/fr\/wp-json\/wp\/v2\/media?parent=633572"}],"wp:term":[{"taxonomy":"category","embeddable":true,"href":"https:\/\/www.europesays.com\/fr\/wp-json\/wp\/v2\/categories?post=633572"},{"taxonomy":"post_tag","embeddable":true,"href":"https:\/\/www.europesays.com\/fr\/wp-json\/wp\/v2\/tags?post=633572"}],"curies":[{"name":"wp","href":"https:\/\/api.w.org\/{rel}","templated":true}]}}