{"id":633578,"date":"2026-01-01T05:29:21","date_gmt":"2026-01-01T05:29:21","guid":{"rendered":"https:\/\/www.europesays.com\/fr\/633578\/"},"modified":"2026-01-01T05:29:21","modified_gmt":"2026-01-01T05:29:21","slug":"la-prefecture-de-police-de-paris-fait-le-point-avant-le-reveillon-du-nouvel-an","status":"publish","type":"post","link":"https:\/\/www.europesays.com\/fr\/633578\/","title":{"rendered":"la pr\u00e9fecture de police de Paris fait le point avant le r\u00e9veillon du Nouvel An"},"content":{"rendered":"<p>\n    Interrog\u00e9e sur RTL, H\u00e9l\u00e8ne Den\u00e9ch\u00e8re, porte\u2011parole de la pr\u00e9fecture de police de Paris, affirme que l\u2019enjeu sera de contenir violences urbaines et imprudences tout en garantissant une ambiance festive.<\/p>\n<p class=\"fig-paragraph\">Quelles seront les\u00a0<a href=\"https:\/\/www.lefigaro.fr\/tag\/police?msockid=0891325508ba61e90d202409091460ed\" target=\"_blank\" rel=\"sponsored noopener\" data-gtm-custom-categorie=\"navigation\" data-gtm-custom-action=\"crossclick\" data-gtm-custom-label=\"Contextuel\" data-gtm-event=\"customEventSPE\">pr\u00e9occupations des forces de l\u2019ordre<\/a>\u00a0ce mercredi soir de\u00a0<a href=\"https:\/\/www.lefigaro.fr\/tag\/saint-sylvestre?msockid=0891325508ba61e90d202409091460ed\" target=\"_blank\" rel=\"sponsored noopener\" data-gtm-custom-categorie=\"navigation\" data-gtm-custom-action=\"crossclick\" data-gtm-custom-label=\"Contextuel\" data-gtm-event=\"customEventSPE\">Nouvel An\u202f<\/a>? Sur RTL, ce matin, la porte\u2011parole de la pr\u00e9fecture de police de Paris, H\u00e9l\u00e8ne\u202fDen\u00e9ch\u00e8re, a d\u00e9taill\u00e9 le dispositif pr\u00e9vu pour encadrer la soir\u00e9e dans la capitale. Les services de l\u2019\u00c9tat veulent \u00eatre \u00abtr\u00e8s visibles\u00bb afin que la f\u00eate \u00abdemeure festive\u00bb, tout en maintenant un\u00a0<a href=\"http:\/\/www.lefigaro.fr\/actualite-france\/dispositif-policier-festivites-transports-le-programme-du-nouvel-an-2026-a-paris-20251230\" data-fig-type=\"NewsFlash\" data-gtm-custom-categorie=\"navigation\" data-gtm-custom-action=\"crossclick\" data-gtm-custom-label=\"Contextuel\" data-gtm-event=\"customEventSPE\" data-fig-domain=\"LEFIGARO\" target=\"_blank\" rel=\"noopener\">haut niveau de s\u00e9curit\u00e9<\/a>, a martel\u00e9 la commissaire divisionnaire. Une pr\u00e9sence renforc\u00e9e dans les secteurs de grands rassemblements, au premier rang desquels les Champs\u2011\u00c9lys\u00e9es seront d\u00e9limit\u00e9s par un p\u00e9rim\u00e8tre de protection\u00a0: \u00abl\u2019avenue va \u00eatre progressivement ferm\u00e9e dans la journ\u00e9e, avant une r\u00e9ouverture encadr\u00e9e \u00e0 19h via quatorze points d\u2019entr\u00e9e, avec contr\u00f4les de sacs et fouilles de s\u00e9curit\u00e9.\u00bb<\/p>\n<p class=\"fig-paragraph\">Parmi les points de vigilance relev\u00e9s, les \u00abmenaces urbaines\u00bb et les \u00abincendies de v\u00e9hicules\u00bb. L\u2019ann\u00e9e derni\u00e8re avait \u00e9t\u00e9 marqu\u00e9e\u00a0<a href=\"https:\/\/www.lefigaro.fr\/faits-divers\/tirs-de-mortier-sur-les-forces-de-l-ordre-vehicules-brules-le-bilan-de-la-nuit-de-la-saint-sylvestre-20250101?msockid=0891325508ba61e90d202409091460ed\" target=\"_blank\" data-fig-type=\"NewsFlash\" rel=\"sponsored noopener\" data-gtm-custom-categorie=\"navigation\" data-gtm-custom-action=\"crossclick\" data-gtm-custom-label=\"Contextuel\" data-gtm-event=\"customEventSPE\" data-fig-domain=\"LEFIGARO\">par un record de voitures br\u00fbl\u00e9es<\/a>. \u00abToutes les mesures administratives\u00bb ont \u00e9t\u00e9 prises bien en amont concernant la pyrotechnie, telles que des\u00a0<a href=\"http:\/\/www.lefigaro.fr\/actualite-france\/nouvel-an-pourquoi-est-il-si-facile-de-se-procurer-des-mortiers-d-artifice-utilises-contre-la-police-20251230\" data-fig-type=\"Article\" data-gtm-custom-categorie=\"navigation\" data-gtm-custom-action=\"crossclick\" data-gtm-custom-label=\"Contextuel\" data-gtm-event=\"customEventSPE\" data-fig-domain=\"LEFIGARO\" target=\"_blank\" rel=\"noopener\">mortiers, p\u00e9tards et feux d\u2019artifice<\/a>. Depuis le 23 d\u00e9cembre dernier, \u00abun arr\u00eat\u00e9 du pr\u00e9fet de police interdit leur transport et leur commercialisation\u00bb, dans la r\u00e9gion parisienne pendant que \u00abplusieurs op\u00e9rations de contr\u00f4les ont d\u00e9j\u00e0 permis des saisies d\u2019artifices\u00bb, affirme cette derni\u00e8re.<\/p>\n<p>                                            <a class=\"fig-a11y-skip\" href=\"#fig-a11y-skip-main-inarticle\" data-module=\"a11y-skip\" data-context=\"was @visible\"><br \/>\n    Passer la publicit\u00e9<br \/>\n<\/a>            <\/p>\n<p class=\"fig-paragraph\">Autre axe majeur du dispositif\u00a0: \u00ables\u00a0<a href=\"https:\/\/www.lefigaro.fr\/automobile\/controles-routiers-quels-sont-les-pouvoirs-de-la-police-municipale-20211126?msockid=0891325508ba61e90d202409091460ed\" target=\"_blank\" data-fig-type=\"Article\" rel=\"sponsored noopener\" data-gtm-custom-categorie=\"navigation\" data-gtm-custom-action=\"crossclick\" data-gtm-custom-label=\"Contextuel\" data-gtm-event=\"customEventSPE\" data-fig-domain=\"LEFIGARO\">contr\u00f4les routiers<\/a> .\u00bb Selon la Pr\u00e9vention routi\u00e8re, un quart des Fran\u00e7ais ont l\u2019intention de conduire un v\u00e9hicule lors du r\u00e9veillon du 31 d\u00e9cembre &#8211; une augmentation cons\u00e9quente par rapport \u00e0 2024 &#8211; et huit personnes sur dix envisagent de boire de l\u2019alcool ce soir-l\u00e0. Des op\u00e9rations qui concerneront aussi bien les grands axes franciliens que les r\u00e9seaux de transports en commun, o\u00f9 \u00abpr\u00e8s de\u00a02000 interpellations\u00a0ont lieu chaque mois en\u202f2025.\u00bb<\/p>\n<p>                                            Le protoxyde d\u2019azote sous \u00e9troite surveillance<\/p>\n<p class=\"fig-paragraph\">Parmi ces contr\u00f4les routiers, \u00abdes tests d\u2019alcool\u00e9mie et de\u00a0<a href=\"https:\/\/www.lefigaro.fr\/automobile\/depistage-routier-des-stupefiants-tout-est-permis-20250313?msockid=0891325508ba61e90d202409091460ed\" target=\"_blank\" data-fig-type=\"Article\" rel=\"sponsored noopener\" data-gtm-custom-categorie=\"navigation\" data-gtm-custom-action=\"crossclick\" data-gtm-custom-label=\"Contextuel\" data-gtm-event=\"customEventSPE\" data-fig-domain=\"LEFIGARO\">d\u00e9pistage de drogues<\/a> \u00bb, seront men\u00e9s. \u00abFaire la f\u00eate, c\u2019est important, mais ne pas mettre en danger les autres l\u2019est d\u2019autant plus\u00bb, rappelle la porte-parole. Mais parmi les produits susceptibles d\u2019alt\u00e9rer la vigilance au volant, cette derni\u00e8re n\u2019omet pas un ph\u00e9nom\u00e8ne d\u00e9sormais bien identifi\u00e9\u00a0:\u00a0\u00ab<a href=\"http:\/\/www.lefigaro.fr\/actualite-france\/perte-de-controle-allongement-des-temps-de-reaction-une-nouvelle-etude-demontre-les-dangers-du-protoxyde-d-azote-au-volant-20251230\" data-fig-type=\"NewsFlash\" data-gtm-custom-categorie=\"navigation\" data-gtm-custom-action=\"crossclick\" data-gtm-custom-label=\"Contextuel\" data-gtm-event=\"customEventSPE\" data-fig-domain=\"LEFIGARO\" target=\"_blank\" rel=\"noopener\">le protoxyde d\u2019azote<\/a> \u00bb. \u00abD\u00e9tourn\u00e9 de son usage m\u00e9dical et culinaire\u00bb pour ses effets euphorisants, \u00abc\u2019est devenu un sujet de pr\u00e9occupation important\u00bb, avertit-elle, tout en \u00e9voquant des \u00abcontr\u00f4les multiples\u00bb dans la capitale et sa petite couronne.<\/p>\n<p class=\"fig-paragraph\">\u00ab\u00c0 Paris, son\u00a0<a href=\"https:\/\/www.lefigaro.fr\/actualite-france\/gaz-hilarant-la-detention-et-la-consommation-de-protoxyde-d-azote-interdite-aux-mineurs-a-paris-20241228?msockid=0891325508ba61e90d202409091460ed\" target=\"_blank\" data-fig-type=\"NewsFlash\" rel=\"sponsored noopener\" data-gtm-custom-categorie=\"navigation\" data-gtm-custom-action=\"crossclick\" data-gtm-custom-label=\"Contextuel\" data-gtm-event=\"customEventSPE\" data-fig-domain=\"LEFIGARO\">usage et sa d\u00e9tention<\/a> \u00a0\u00e0 des fins r\u00e9cr\u00e9atives sont interdits par un arr\u00eat\u00e9 pr\u00e9fectoral\u00bb, indique H\u00e9l\u00e8ne\u202fDen\u00e9ch\u00e8re. Toute infraction expose \u00e0 une \u00abcontravention et \u00e0 la saisie du produit.\u00bb Cette interdiction,\u00ab en vigueur depuis d\u00e9cembre, sera reconduite pour le mois de janvier.\u00bb En parall\u00e8le, des contr\u00f4les sp\u00e9cifiques sont \u00ab\u00e9galement men\u00e9s dans les commerces\u00bb afin de v\u00e9rifier le respect de l\u2019interdiction de vente aux mineurs, explique cette derni\u00e8re, rappelant que la lutte est men\u00e9e au quotidien par les forces de l\u2019ordre.<\/p>\n","protected":false},"excerpt":{"rendered":"Interrog\u00e9e sur RTL, H\u00e9l\u00e8ne Den\u00e9ch\u00e8re, porte\u2011parole de la pr\u00e9fecture de police de Paris, affirme que l\u2019enjeu sera de&hellip;\n","protected":false},"author":2,"featured_media":633579,"comment_status":"","ping_status":"","sticky":false,"template":"","format":"standard","meta":{"footnotes":""},"categories":[1888],"tags":[1111,1928,11,1927,5702,1777,674,1011,27,12,1926,39117,626,1925,25,656],"class_list":{"0":"post-633578","1":"post","2":"type-post","3":"status-publish","4":"format-standard","5":"has-post-thumbnail","7":"category-paris","8":"tag-actu","9":"tag-actu-paris","10":"tag-actualites","11":"tag-actualites-paris","12":"tag-alcool","13":"tag-eu","14":"tag-europe","15":"tag-fr","16":"tag-france","17":"tag-news","18":"tag-news-paris","19":"tag-nouvel-an","20":"tag-paris","21":"tag-paris-news","22":"tag-republique-francaise","23":"tag-securite"},"share_on_mastodon":{"url":"https:\/\/pubeurope.com\/@fr\/115818198786093802","error":""},"_links":{"self":[{"href":"https:\/\/www.europesays.com\/fr\/wp-json\/wp\/v2\/posts\/633578","targetHints":{"allow":["GET"]}}],"collection":[{"href":"https:\/\/www.europesays.com\/fr\/wp-json\/wp\/v2\/posts"}],"about":[{"href":"https:\/\/www.europesays.com\/fr\/wp-json\/wp\/v2\/types\/post"}],"author":[{"embeddable":true,"href":"https:\/\/www.europesays.com\/fr\/wp-json\/wp\/v2\/users\/2"}],"replies":[{"embeddable":true,"href":"https:\/\/www.europesays.com\/fr\/wp-json\/wp\/v2\/comments?post=633578"}],"version-history":[{"count":0,"href":"https:\/\/www.europesays.com\/fr\/wp-json\/wp\/v2\/posts\/633578\/revisions"}],"wp:featuredmedia":[{"embeddable":true,"href":"https:\/\/www.europesays.com\/fr\/wp-json\/wp\/v2\/media\/633579"}],"wp:attachment":[{"href":"https:\/\/www.europesays.com\/fr\/wp-json\/wp\/v2\/media?parent=633578"}],"wp:term":[{"taxonomy":"category","embeddable":true,"href":"https:\/\/www.europesays.com\/fr\/wp-json\/wp\/v2\/categories?post=633578"},{"taxonomy":"post_tag","embeddable":true,"href":"https:\/\/www.europesays.com\/fr\/wp-json\/wp\/v2\/tags?post=633578"}],"curies":[{"name":"wp","href":"https:\/\/api.w.org\/{rel}","templated":true}]}}