{"id":633580,"date":"2026-01-01T05:30:16","date_gmt":"2026-01-01T05:30:16","guid":{"rendered":"https:\/\/www.europesays.com\/fr\/633580\/"},"modified":"2026-01-01T05:30:16","modified_gmt":"2026-01-01T05:30:16","slug":"entendu-pendant-vingt-ans-le-jingle-de-la-ratp-va-changer","status":"publish","type":"post","link":"https:\/\/www.europesays.com\/fr\/633580\/","title":{"rendered":"entendu pendant vingt ans, le jingle de la RATP va changer"},"content":{"rendered":"<p>                    Par<br \/>\n        <strong><br \/>\n            <a href=\"https:\/\/actu.fr\/auteur\/julie-bossart-actu-fr\" title=\"Consulter tous les articles de Julie Bossart\" target=\"_blank\" rel=\"noopener\">Julie Bossart<\/a><br \/>\n                    <\/strong><\/p>\n<p>        Publi\u00e9 le<\/p>\n<p>            31 d\u00e9c. 2025 \u00e0 17h00        <\/p>\n<p>Il a rythm\u00e9 pendant plus de vingt ans les trajets de millions d\u2019usagers du r\u00e9seau <a href=\"https:\/\/actu.fr\/tag\/ratp\" target=\"_blank\" rel=\"noopener\">RATP<\/a> \u00e0 <a href=\"https:\/\/actu.fr\/paris\/dernieres-actus\" target=\"_blank\" rel=\"noopener\">Paris<\/a> et en \u00cele-de-France. Et, \u00e0 chaque fois qu\u2019il \u00e9tait d\u00e9clench\u00e9 en stations, en gares et \u00e0 bord des trains, m\u00e9tros, trams et bus exploit\u00e9s par la R\u00e9gie, il annon\u00e7ait une information pratique visant \u00e0 faciliter votre voyage.<br \/>Taaa tadidadida\u2026 La \u00ab\u2009java r\u00e9invent\u00e9e\u2009\u00bb, le jingle qui accompagne la RATP depuis 2005, va tr\u00e8s prochainement \u00eatre remplac\u00e9e, indique \u00e0 actu<a href=\"https:\/\/actu.fr\/tag\/ile-de-france-mobilites\" target=\"_blank\" rel=\"noopener\"> \u00cele-de-France Mobilit\u00e9s<\/a> (IDFM), confirmant une information de<a href=\"https:\/\/www.linforme.com\/transports-auto\/article\/bientot-un-nouveau-jingle-dans-les-metros-et-bus-parisiens_3411.html\" target=\"_blank\" rel=\"noopener\"> L\u2019Inform\u00e9<\/a>.<\/p>\n<p>\u00ab Cr\u00e9er un r\u00e9seau int\u00e9gr\u00e9 et unique\u2009\u00bb<\/p>\n<p class=\" wall-content\">\u00c0 partir de la mi-janvier\u00a02026, une autre identit\u00e9 sonore sera progressivement diffus\u00e9e dans le r\u00e9seau RATP. Elle sera par la suite \u00e9tendue aux autres op\u00e9rateurs qui exploitent aujourd\u2019hui les transports en commun franciliens \u2013 <a href=\"https:\/\/actu.fr\/tag\/sncf\" target=\"_blank\" rel=\"noopener\">SNCF<\/a>, Transdev, Keolis. Et qui le feront demain, comme <a href=\"https:\/\/actu.fr\/ile-de-france\/paris_75056\/transports-en-ile-de-france-la-ratp-perd-de-nouvelles-lignes-de-bus-attribuees-a-des-concurrents-par-idfm_62419331.html\" target=\"_blank\" rel=\"noopener\">ATM<\/a>. Cette diversit\u00e9 des exploitants, d\u2019autant plus visible depuis <a href=\"https:\/\/actu.fr\/ile-de-france\/paris_75056\/ile-de-france-fin-du-monopole-historique-de-la-ratp-ce-que-la-mise-en-concurrence-signifie_56333305.html\" target=\"_blank\" rel=\"noopener\">l\u2019ouverture \u00e0 la concurrence des transports<\/a>, est d\u2019ailleurs l\u2019une des raisons de ce changement. \u00ab\u2009On ne change pas la musique juste pour la changer, insiste d\u2019ailleurs l\u2019autorit\u00e9 organisatrice des transports dans la r\u00e9gion. Depuis des ann\u00e9es, nous travaillons \u00e0 la cr\u00e9ation d\u2019un r\u00e9seau int\u00e9gr\u00e9 et unique.\u2009\u00bb<\/p>\n<p class=\" wall-content\">Cette simplification s\u2019est d\u00e9j\u00e0 illustr\u00e9e au niveau du <a href=\"https:\/\/actu.fr\/tag\/pass-navigo\" target=\"_blank\" rel=\"noopener\">pass Navigo<\/a> et de l\u2019application unique, puis de <a href=\"https:\/\/actu.fr\/societe\/tarif-unique-correspondance-offerte-ce-qui-va-changer-dans-les-transports-en-ile-de-france_61618789.html\" target=\"_blank\" rel=\"noopener\">la grille tarifaire<\/a> d\u00e9but 2025, plus r\u00e9cemment en ce qui concerne les uniformes des agents RATP, qui, comme leurs confr\u00e8res de grande couronne, ont d\u00e9laiss\u00e9 le bleu marine de leur tenue au profit du gris anthracite IDFM.<\/p>\n<p class=\" wall-content\">\u00ab\u2009Le but n\u2019est pas de gommer les identit\u00e9s, mais d\u2019offrir un service plus coh\u00e9rent, simplifi\u00e9 et pacifi\u00e9 aux usagers\u2009\u00bb, poursuit IDFM, qui s\u2019appuie sur l\u2019exemple de la ligne 14 du m\u00e9tro\u2009: \u00ab\u2009Sur cette derni\u00e8re, quatre exploitants interviennent \u00e0 l\u2019heure actuelle, avec chacun une identit\u00e9 sonore diff\u00e9rente. Ce n\u2019est pas confortable pour le voyageur.\u2009\u00bb<\/p>\n<p class=\" wall-content\">Ce changement de jingle RATP sera-t-il remarqu\u00e9 et bien per\u00e7u par les usagers\u2009? La question se pose alors que d\u2019aucuns, lorsqu\u2019ils n\u2019ont pas des \u00e9couteurs sur les oreilles, se plaignent d\u2019annonces sonores peu audibles et compr\u00e9hensibles. Pour l\u2019instant, peu d\u2019informations filtrent sur la m\u00e9lodie qui r\u00e9sonnera dans le r\u00e9seau RATP.<\/p>\n<p>Une \u00ab\u2009cr\u00e9ation originale\u2009\u00bb<\/p>\n<p class=\" wall-content\">Pour cette \u00ab\u2009cr\u00e9ation originale\u2009\u00bb, trois agences issues de \u00ab\u2009trois mondes tr\u00e8s diff\u00e9rents\u2009\u00bb ont \u00e9t\u00e9 mises en concurrence, nous glisse-t-on. Et ce sont les studios Chez Jean, qui ont d\u00e9j\u00e0 travaill\u00e9 pour la maison Saint-Laurent, Nike ou encore France 3, qui ont \u00e9t\u00e9 retenus par un jury de repr\u00e9sentants d\u2019IDFM, de la RATP et de Transilien SNCF Voyageurs.<\/p>\n<p>Votre r\u00e9gion, votre actu !<\/p>\n<p>Recevez chaque jour les infos qui comptent pour vous.<\/p>\n<p>\t<a href=\"https:\/\/actu.fr\/newsletter\" class=\"ac-btn ac-btn--corner ac-btn--medium ac-btn--blue800\" target=\"_blank\" rel=\"noopener\">S&rsquo;incrire<\/a><\/p>\n<p class=\" wall-content\">Le d\u00e9fi n\u2019\u00e9tait pas mince \u00e0 relever\u2009: un jingle n\u2019est pas qu\u2019une simple m\u00e9lodie passe-partout, pr\u00e9viennent des experts du secteur. Il doit incarner la personnalit\u00e9 et les valeurs de la marque, en quelques secondes, non sans avoir respect\u00e9 un cahier des charges, d\u2019autant plus strict qu\u2019il est diffus\u00e9 dans l\u2019univers des transports en commun.<\/p>\n<p class=\" wall-content\">La difficult\u00e9 pour Chez Jean aura certainement \u00e9t\u00e9 de produire une m\u00e9lodie qui doive s\u2019adapter aux environnements sonores du r\u00e9seau, \u00e0 savoir les couloirs et quais souterrains et les arr\u00eats ext\u00e9rieurs, et \u00e0 ses diff\u00e9rents publics, les personnes en situation en de handicap en t\u00eate, pour qui <a href=\"https:\/\/actu.fr\/ile-de-france\/paris_75056\/metro-entierement-accessible-a-paris-impossible-selon-lamia-el-aaraje-l-adjointe-au-handicap_61584384.html\" target=\"_blank\" rel=\"noopener\">l\u2019accessibilit\u00e9 du m\u00e9tro<\/a> n\u2019est pas optimale. Autre contrainte\u2009: le respect du volume sonore, pour \u00ab\u2009ne pas heurter les riverains des stations et gares outdoor\u2009\u00bb. Des tests grandeur nature ont d\u2019ailleurs \u00e9t\u00e9 effectu\u00e9s cet \u00e9t\u00e9 en ce sens.<\/p>\n<p class=\" wall-content\">En cette fin d\u2019ann\u00e9e, IDFM se montre \u00e0 la fois confiante et enthousiaste sur l\u2019efficacit\u00e9 de ce nouveau jingle et parle m\u00eame \u00ab d\u2019un aboutissement\u2009\u00bb.\u00a0<\/p>\n<p class=\" wall-content\">Personnalisez votre actualit\u00e9 en ajoutant vos villes et m\u00e9dias en favori avec <a href=\"https:\/\/moncompte.actu.fr\" title=\"D\u00e9couvez Mon Actu\" rel=\"nofollow noopener\" data-trk=\"{&quot;cta&quot;:{&quot;action&quot;:&quot;https:\\\/\\\/moncompte.actu.fr&quot;,&quot;category&quot;:&quot;mon compte&quot;,&quot;from&quot;:&quot;article footer&quot;,&quot;name&quot;:&quot;Mon actu&quot;,&quot;type&quot;:&quot;cta&quot;}}\" target=\"_blank\">Mon Actu<\/a>.<\/p>\n","protected":false},"excerpt":{"rendered":"Par Julie Bossart Publi\u00e9 le 31 d\u00e9c. 2025 \u00e0 17h00 Il a rythm\u00e9 pendant plus de vingt ans&hellip;\n","protected":false},"author":2,"featured_media":633581,"comment_status":"","ping_status":"","sticky":false,"template":"","format":"standard","meta":{"footnotes":""},"categories":[1888],"tags":[11,1777,674,1011,27,10883,803,12,626,625,25,104],"class_list":{"0":"post-633580","1":"post","2":"type-post","3":"status-publish","4":"format-standard","5":"has-post-thumbnail","7":"category-paris","8":"tag-actualites","9":"tag-eu","10":"tag-europe","11":"tag-fr","12":"tag-france","13":"tag-ile-de-france-mobilites","14":"tag-info-trafic","15":"tag-news","16":"tag-paris","17":"tag-ratp","18":"tag-republique-francaise","19":"tag-societe"},"share_on_mastodon":{"url":"https:\/\/pubeurope.com\/@fr\/115818202602968528","error":""},"_links":{"self":[{"href":"https:\/\/www.europesays.com\/fr\/wp-json\/wp\/v2\/posts\/633580","targetHints":{"allow":["GET"]}}],"collection":[{"href":"https:\/\/www.europesays.com\/fr\/wp-json\/wp\/v2\/posts"}],"about":[{"href":"https:\/\/www.europesays.com\/fr\/wp-json\/wp\/v2\/types\/post"}],"author":[{"embeddable":true,"href":"https:\/\/www.europesays.com\/fr\/wp-json\/wp\/v2\/users\/2"}],"replies":[{"embeddable":true,"href":"https:\/\/www.europesays.com\/fr\/wp-json\/wp\/v2\/comments?post=633580"}],"version-history":[{"count":0,"href":"https:\/\/www.europesays.com\/fr\/wp-json\/wp\/v2\/posts\/633580\/revisions"}],"wp:featuredmedia":[{"embeddable":true,"href":"https:\/\/www.europesays.com\/fr\/wp-json\/wp\/v2\/media\/633581"}],"wp:attachment":[{"href":"https:\/\/www.europesays.com\/fr\/wp-json\/wp\/v2\/media?parent=633580"}],"wp:term":[{"taxonomy":"category","embeddable":true,"href":"https:\/\/www.europesays.com\/fr\/wp-json\/wp\/v2\/categories?post=633580"},{"taxonomy":"post_tag","embeddable":true,"href":"https:\/\/www.europesays.com\/fr\/wp-json\/wp\/v2\/tags?post=633580"}],"curies":[{"name":"wp","href":"https:\/\/api.w.org\/{rel}","templated":true}]}}