{"id":633584,"date":"2026-01-01T05:32:12","date_gmt":"2026-01-01T05:32:12","guid":{"rendered":"https:\/\/www.europesays.com\/fr\/633584\/"},"modified":"2026-01-01T05:32:12","modified_gmt":"2026-01-01T05:32:12","slug":"en-coree-du-nord-kim-jong-un-encense-dans-ses-voeux-ses-liens-militaires-avec-la-russie","status":"publish","type":"post","link":"https:\/\/www.europesays.com\/fr\/633584\/","title":{"rendered":"En Cor\u00e9e du Nord, Kim Jong-un encense dans ses v\u0153ux ses liens militaires avec la Russie"},"content":{"rendered":"<p><a href=\"https:\/\/www.20minutes.fr\/monde\/coree_du_nord\/4193654-20251230-coree-nord-kim-jong-fait-monter-pression-nouveaux-lance-roquettes\" target=\"_blank\" class=\"c-link c-link--is-underlined\" rel=\"noopener\">Kim Jong-un<\/a> a les yeux tourn\u00e9s vers Moscou. Lors de ses v\u0153ux du Nouvel An, le leader de la Cor\u00e9e du Nord a ainsi tenu \u00e0 encenser <a href=\"https:\/\/www.20minutes.fr\/monde\/russie\/4190470-20251209-ambassadeur-russie-coree-nord-meurt-subitement\" target=\"_blank\" class=\"c-link c-link--is-underlined\" rel=\"noopener\">les liens militaires entre son pays et la Russie<\/a>, dans un message aux forces arm\u00e9es publi\u00e9 ce jeudi par les m\u00e9dias d\u2019Etat.<\/p>\n<p>\u00ab\u00a0Alors que tout le pays est plong\u00e9 dans une atmosph\u00e8re festive pour accueillir la nouvelle ann\u00e9e, vous me manquez d\u2019autant plus, vous qui combattez courageusement sur les champs de bataille en terre \u00e9trang\u00e8re, m\u00eame en ce moment, fid\u00e8les \u00e0 l\u2019ordre de votre patrie\u00a0\u00bb, a d\u00e9clar\u00e9 Kim Jong-un, cit\u00e9 par l\u2019agence officielle KCNA. \u00ab\u00a0Pyongyang et Moscou sont derri\u00e8re vous\u00a0\u00bb, a-t-il ajout\u00e9.<\/p>\n<p>Kim avec Poutine contre Zelensky<\/p>\n<p>La Cor\u00e9e du Nord a envoy\u00e9 des milliers de soldats combattre au c\u00f4t\u00e9 de Moscou dans <a href=\"https:\/\/www.20minutes.fr\/monde\/ukraine\/4193938-20260101-guerre-ukraine-v-ux-zelensky-charge-tromperie-russie-aller-vers-paix\" target=\"_blank\" class=\"c-link c-link--is-underlined\" rel=\"noopener\">sa guerre d\u2019invasion de l\u2019Ukraine<\/a>, lanc\u00e9e il y a bient\u00f4t quatre ans, selon les agences de renseignement sud-cor\u00e9ennes et occidentales. D\u2019apr\u00e8s des estimations sud-cor\u00e9ennes, au moins 600 d\u2019entre eux ont \u00e9t\u00e9 tu\u00e9s.<\/p>\n<\/p>\n<p>En retour, la Russie envoie \u00e0 la Cor\u00e9e du Nord une aide financi\u00e8re, des technologies militaires ainsi que des fournitures alimentaires et \u00e9nerg\u00e9tiques, selon des analystes.<\/p>\n<p><a href=\"https:\/\/www.20minutes.fr\/monde\/coree_du_nord\/\" target=\"_blank\" class=\"c-link c-btn c-btn--primary\" rel=\"noopener\">Notre dossier sur la Cor\u00e9e du Nord<\/a><\/p>\n<p>Dans son message, le dirigeant nord-cor\u00e9en a \u00e9galement f\u00e9licit\u00e9 les soldats pour avoir renforc\u00e9 \u00ab\u00a0l\u2019alliance invincible\u00a0\u00bb avec la Russie, les appelant \u00e0 se battre \u00ab\u00a0pour le peuple russe fraternel\u00a0\u00bb.<\/p>\n","protected":false},"excerpt":{"rendered":"Kim Jong-un a les yeux tourn\u00e9s vers Moscou. Lors de ses v\u0153ux du Nouvel An, le leader de&hellip;\n","protected":false},"author":2,"featured_media":633585,"comment_status":"","ping_status":"","sticky":false,"template":"","format":"standard","meta":{"footnotes":""},"categories":[1591],"tags":[47,11,13987,1887,131,15404,74,12,32165,1885,1886,132,133,135],"class_list":{"0":"post-633584","1":"post","2":"type-post","3":"status-publish","4":"format-standard","5":"has-post-thumbnail","7":"category-russie","8":"tag-actualite","9":"tag-actualites","10":"tag-coree-du-nord","11":"tag-federation-de-russie","12":"tag-guerre-en-ukraine","13":"tag-kim-jong-un","14":"tag-monde","15":"tag-news","16":"tag-pyongyang","17":"tag-russia","18":"tag-russian-federation","19":"tag-russie","20":"tag-video","21":"tag-vladimir-poutine"},"share_on_mastodon":{"url":"https:\/\/pubeurope.com\/@fr\/115818210781315423","error":""},"_links":{"self":[{"href":"https:\/\/www.europesays.com\/fr\/wp-json\/wp\/v2\/posts\/633584","targetHints":{"allow":["GET"]}}],"collection":[{"href":"https:\/\/www.europesays.com\/fr\/wp-json\/wp\/v2\/posts"}],"about":[{"href":"https:\/\/www.europesays.com\/fr\/wp-json\/wp\/v2\/types\/post"}],"author":[{"embeddable":true,"href":"https:\/\/www.europesays.com\/fr\/wp-json\/wp\/v2\/users\/2"}],"replies":[{"embeddable":true,"href":"https:\/\/www.europesays.com\/fr\/wp-json\/wp\/v2\/comments?post=633584"}],"version-history":[{"count":0,"href":"https:\/\/www.europesays.com\/fr\/wp-json\/wp\/v2\/posts\/633584\/revisions"}],"wp:featuredmedia":[{"embeddable":true,"href":"https:\/\/www.europesays.com\/fr\/wp-json\/wp\/v2\/media\/633585"}],"wp:attachment":[{"href":"https:\/\/www.europesays.com\/fr\/wp-json\/wp\/v2\/media?parent=633584"}],"wp:term":[{"taxonomy":"category","embeddable":true,"href":"https:\/\/www.europesays.com\/fr\/wp-json\/wp\/v2\/categories?post=633584"},{"taxonomy":"post_tag","embeddable":true,"href":"https:\/\/www.europesays.com\/fr\/wp-json\/wp\/v2\/tags?post=633584"}],"curies":[{"name":"wp","href":"https:\/\/api.w.org\/{rel}","templated":true}]}}