{"id":633592,"date":"2026-01-01T05:36:13","date_gmt":"2026-01-01T05:36:13","guid":{"rendered":"https:\/\/www.europesays.com\/fr\/633592\/"},"modified":"2026-01-01T05:36:13","modified_gmt":"2026-01-01T05:36:13","slug":"allemagne-deux-jeunes-meurent-dans-des-accidents-de-feux-dartifice-artisanaux","status":"publish","type":"post","link":"https:\/\/www.europesays.com\/fr\/633592\/","title":{"rendered":"Allemagne: deux jeunes meurent dans des accidents de feux d&rsquo;artifice artisanaux"},"content":{"rendered":"<p class=\"ap-StoryElement ap-StoryElement--mb ap-StoryText\">Des deux jeunes hommes, qui c\u00e9l\u00e9braient la nouvelle ann\u00e9e, l&rsquo;un est d\u00e9c\u00e9d\u00e9 sur place tandis que l&rsquo;autre a succomb\u00e9 \u00e0 ses blessures \u00e0 l&rsquo;h\u00f4pital. D&rsquo;apr\u00e8s des t\u00e9moins, aucun tiers n&rsquo;est impliqu\u00e9 dans ces accidents, qui se sont produits \u00e0 deux endroits diff\u00e9rents de cette localit\u00e9 de Rh\u00e9nanie-du-Nord-Westphalie.<\/p>\n<p class=\"ap-StoryElement ap-StoryElement--mb ap-StoryText\">La Saint-Sylvestre a \u00e9t\u00e9 assombrie d&rsquo;autres incidents en Allemagne. Un adolescent de 14 ans a \u00e9t\u00e9 gri\u00e8vement bless\u00e9 par un p\u00e9tard qui lui a explos\u00e9 dans la main \u00e0 Reddelich, dans le nord du pays. \u00c0 Berlin, cinq personnes ont d\u00fb \u00eatre hospitalis\u00e9es pour des blessures caus\u00e9es par des engins pyrotechniques, avant m\u00eame les douze coups de minuit. Deux d&rsquo;entre elles pr\u00e9sentent des blessures graves. \u00c0 Leipzig (est), une adolescente de 16 ans a perdu deux doigts alors qu&rsquo;elle tentait d&rsquo;allumer un feu d&rsquo;artifice ill\u00e9gal, selon la police.<\/p>\n","protected":false},"excerpt":{"rendered":"Des deux jeunes hommes, qui c\u00e9l\u00e9braient la nouvelle ann\u00e9e, l&rsquo;un est d\u00e9c\u00e9d\u00e9 sur place tandis que l&rsquo;autre a&hellip;\n","protected":false},"author":2,"featured_media":2837,"comment_status":"","ping_status":"","sticky":false,"template":"","format":"standard","meta":{"footnotes":""},"categories":[1587],"tags":[11,672,1804,1805,1803,750,1777,674,14537,1801,12,1802],"class_list":{"0":"post-633592","1":"post","2":"type-post","3":"status-publish","4":"format-standard","5":"has-post-thumbnail","7":"category-allemagne","8":"tag-actualites","9":"tag-allemagne","10":"tag-bundesrepublik-deutschland","11":"tag-de","12":"tag-deutschland","13":"tag-divers","14":"tag-eu","15":"tag-europe","16":"tag-fetes","17":"tag-germany","18":"tag-news","19":"tag-republique-federale-dallemagne"},"share_on_mastodon":{"url":"https:\/\/pubeurope.com\/@fr\/115818226254500521","error":""},"_links":{"self":[{"href":"https:\/\/www.europesays.com\/fr\/wp-json\/wp\/v2\/posts\/633592","targetHints":{"allow":["GET"]}}],"collection":[{"href":"https:\/\/www.europesays.com\/fr\/wp-json\/wp\/v2\/posts"}],"about":[{"href":"https:\/\/www.europesays.com\/fr\/wp-json\/wp\/v2\/types\/post"}],"author":[{"embeddable":true,"href":"https:\/\/www.europesays.com\/fr\/wp-json\/wp\/v2\/users\/2"}],"replies":[{"embeddable":true,"href":"https:\/\/www.europesays.com\/fr\/wp-json\/wp\/v2\/comments?post=633592"}],"version-history":[{"count":0,"href":"https:\/\/www.europesays.com\/fr\/wp-json\/wp\/v2\/posts\/633592\/revisions"}],"wp:featuredmedia":[{"embeddable":true,"href":"https:\/\/www.europesays.com\/fr\/wp-json\/wp\/v2\/media\/2837"}],"wp:attachment":[{"href":"https:\/\/www.europesays.com\/fr\/wp-json\/wp\/v2\/media?parent=633592"}],"wp:term":[{"taxonomy":"category","embeddable":true,"href":"https:\/\/www.europesays.com\/fr\/wp-json\/wp\/v2\/categories?post=633592"},{"taxonomy":"post_tag","embeddable":true,"href":"https:\/\/www.europesays.com\/fr\/wp-json\/wp\/v2\/tags?post=633592"}],"curies":[{"name":"wp","href":"https:\/\/api.w.org\/{rel}","templated":true}]}}