{"id":633603,"date":"2026-01-01T05:44:20","date_gmt":"2026-01-01T05:44:20","guid":{"rendered":"https:\/\/www.europesays.com\/fr\/633603\/"},"modified":"2026-01-01T05:44:20","modified_gmt":"2026-01-01T05:44:20","slug":"super-xiii-cyril-stacul-bilan-mitige-ou-lon-a-alterne-le-bon-et-le-moins-bon-rugby-a-xiii","status":"publish","type":"post","link":"https:\/\/www.europesays.com\/fr\/633603\/","title":{"rendered":"Super XIII &#8211; Cyril Stacul : \u00ab\u00a0Bilan mitig\u00e9 o\u00f9 l\u2019on a altern\u00e9 le bon et le moins bon\u00a0\u00bb &#8211; Rugby \u00e0 XIII"},"content":{"rendered":"<p style=\"text-align: justify;\"><strong>Cyril Stacul, entraineur de L\u00e9zignan, dresse le bilan de son \u00e9quipe \u00e0 la mi-saison de Super XIII.<\/strong><\/p>\n<blockquote>\n<p style=\"text-align: justify;\">Je dirais que c\u2019est un bilan mitig\u00e9 o\u00f9 l\u2019on a altern\u00e9 le bon et le moins bon en raison d\u2019une indiscipline r\u00e9currente qui nous fait d\u00e9faut depuis le d\u00e9but de la saison. Cela a \u00e9t\u00e9 le cas notamment face \u00e0 Limoux et Carcassonne, \u00e7a nous a fait mal. Malgr\u00e9 cela, nous sommes toujours dans le bon wagon pour atteindre l\u2019objectif que l\u2019on s\u2019est fix\u00e9 avec les joueurs et les pr\u00e9sidents.<\/p>\n<p style=\"text-align: justify;\">Comme je dis souvent aux joueurs, nous avons chang\u00e9 de staff. Il y a eu l\u2019arriv\u00e9e de nombreux nouveaux joueurs. Ajout\u00e9 \u00e0 \u00e7a le changement de plan de jeu, cela demande du temps pour le mettre en place et le ma\u00eetriser. Une saison est longue, il y a toujours des hauts et des bas. Mais sur les derni\u00e8res semaines, on commence \u00e0 voir une am\u00e9lioration dans le jeu que l\u2019on veut mettre en place.<\/p>\n<p style=\"text-align: justify;\">Je suis persuad\u00e9 que la deuxi\u00e8me partie de saison sera beaucoup mieux. Vu la qualit\u00e9 de notre groupe, il faudra compter sur L\u00e9zignan pour venir jouer les trouble-f\u00eates sur la fin de saison.<\/p>\n<\/blockquote>\n","protected":false},"excerpt":{"rendered":"Cyril Stacul, entraineur de L\u00e9zignan, dresse le bilan de son \u00e9quipe \u00e0 la mi-saison de Super XIII. Je&hellip;\n","protected":false},"author":2,"featured_media":633604,"comment_status":"","ping_status":"","sticky":false,"template":"","format":"standard","meta":{"footnotes":""},"categories":[1416],"tags":[74207,27958,1011,27,479,2228,1468,2229,60,2231],"class_list":{"0":"post-633603","1":"post","2":"type-post","3":"status-publish","4":"format-standard","5":"has-post-thumbnail","7":"category-rugby","8":"tag-cyril-stacul","9":"tag-fc-lezignan-xiii","10":"tag-fr","11":"tag-france","12":"tag-rugby","13":"tag-rugby-a-xiii","14":"tag-rugby-football","15":"tag-rugby-league","16":"tag-sports","17":"tag-super-xiii"},"share_on_mastodon":{"url":"https:\/\/pubeurope.com\/@fr\/115818257616011113","error":""},"_links":{"self":[{"href":"https:\/\/www.europesays.com\/fr\/wp-json\/wp\/v2\/posts\/633603","targetHints":{"allow":["GET"]}}],"collection":[{"href":"https:\/\/www.europesays.com\/fr\/wp-json\/wp\/v2\/posts"}],"about":[{"href":"https:\/\/www.europesays.com\/fr\/wp-json\/wp\/v2\/types\/post"}],"author":[{"embeddable":true,"href":"https:\/\/www.europesays.com\/fr\/wp-json\/wp\/v2\/users\/2"}],"replies":[{"embeddable":true,"href":"https:\/\/www.europesays.com\/fr\/wp-json\/wp\/v2\/comments?post=633603"}],"version-history":[{"count":0,"href":"https:\/\/www.europesays.com\/fr\/wp-json\/wp\/v2\/posts\/633603\/revisions"}],"wp:featuredmedia":[{"embeddable":true,"href":"https:\/\/www.europesays.com\/fr\/wp-json\/wp\/v2\/media\/633604"}],"wp:attachment":[{"href":"https:\/\/www.europesays.com\/fr\/wp-json\/wp\/v2\/media?parent=633603"}],"wp:term":[{"taxonomy":"category","embeddable":true,"href":"https:\/\/www.europesays.com\/fr\/wp-json\/wp\/v2\/categories?post=633603"},{"taxonomy":"post_tag","embeddable":true,"href":"https:\/\/www.europesays.com\/fr\/wp-json\/wp\/v2\/tags?post=633603"}],"curies":[{"name":"wp","href":"https:\/\/api.w.org\/{rel}","templated":true}]}}