{"id":633609,"date":"2026-01-01T05:51:10","date_gmt":"2026-01-01T05:51:10","guid":{"rendered":"https:\/\/www.europesays.com\/fr\/633609\/"},"modified":"2026-01-01T05:51:10","modified_gmt":"2026-01-01T05:51:10","slug":"a-21-ans-la-fille-de-nagui-et-melanie-page-fait-ses-premiers-pas-dans-le-mannequinat","status":"publish","type":"post","link":"https:\/\/www.europesays.com\/fr\/633609\/","title":{"rendered":"\u00c0 21 ans, la fille de Nagui et M\u00e9lanie Page fait ses premiers pas dans le mannequinat"},"content":{"rendered":"<p>En couple depuis 2000, <strong>Nagui et M\u00e9lanie Page<\/strong><br \/>\nsont les heureux parents de <a href=\"https:\/\/www.grazia.fr\/people\/nagui-64-ans-retour-sur-son-mariage-avec-melanie-page-qui-fascine-les-francais-depuis-20-ans-1209726.html\" target=\"_blank\" rel=\"noopener\">trois enfants<\/a>, : l\u00a0\u00bbanimateur<br \/>\nstar de France 2 et la com\u00e9dienne ont eu deux filles, Roxane, n\u00e9e<br \/>\nen 2004, et Annabel, n\u00e9e en 2008, et un gar\u00e7on, Adrien, n\u00e9 en 2012.<br \/>\nNagui est en outre le p\u00e8re de Nina, n\u00e9e en 1997 de sa relation avec<br \/>\nMarine Vignes. \u00c0 21 ans, Roxane, comme nombre \u00ab\u00a0d&rsquo;enfants de\u00a0\u00bb,\u00a0<br \/>\nest plus d\u00e9termin\u00e9e que jamais \u00e0 tracer sa propre voie.<\/p>\n<p>Roxane Fam : de la restauration au<br \/>\nmannequinat<\/p>\n<p>Selon son profil <a href=\"https:\/\/fr.linkedin.com\/in\/roxane-fam-5123a1254\" target=\"_blank\" rel=\"nofollow noopener\">LinkedIn<\/a>, Roxane Fam (patronyme de son<br \/>\nc\u00e9l\u00e8bre p\u00e8re), a d\u00e9croch\u00e9 un baccalaur\u00e9at option affaires, gestion<br \/>\net marketing (mention tr\u00e8s bien) \u00e0 l&rsquo;\u00c9cole Diagonale \u2014 un<br \/>\n\u00e9tablissement qui propose des doubles cursus aux artistes et aux<br \/>\nsportifs. En 2022, elle a int\u00e9gr\u00e9 la prestigieuse \u00e9cole h\u00f4teli\u00e8re<br \/>\nFerrandi, \u00e0 Paris, et a travaill\u00e9 dans la restauration (commis,<br \/>\nchef de rang, vente&#8230;). Mais cette carri\u00e8re, elle semble l&rsquo;avoir<br \/>\nmise entre parenth\u00e8ses pour se consacrer au mannequinat, comme le<br \/>\nsouligne <a href=\"https:\/\/www.purepeople.com\/article\/apres-son-ecole-prestigieuse-le-harvard-de-son-domaine-roxane-la-fille-de-nagui-et-melanie-page-embauchee-chez-un-ponte-du-milieu_a545910\/1\" target=\"_blank\" rel=\"nofollow noopener\">Purepeople<\/a>.<\/p>\n<p>Mi-novembre, Roxane a d\u00e9voil\u00e9 sur Instagram ses premiers clich\u00e9s<br \/>\nen tant que <strong>mod\u00e8le<\/strong>, elle a \u00e9t\u00e9 shoot\u00e9e par la<br \/>\nphotographe\u00a0Carla Sgroi. Mais \u00e0 qui ressemble-t-elle le plus ?<br \/>\n<a href=\"https:\/\/www.grazia.fr\/people\/nagui-et-melanie-page-ont-transforme-une-ruine-de-montmartre-en-maison-de-reve-avec-vue-imprenable-sur-paris-1205899.html\" target=\"_blank\" rel=\"noopener\">Papa ou maman<\/a> ? Elle est un<br \/>\nparfait m\u00e9lange des deux, elle a h\u00e9rit\u00e9 de la blondeur de sa m\u00e8re<br \/>\net des yeux de son p\u00e8re. En janvier 2023, alors qu&rsquo;elle \u00e9tait<br \/>\ninvit\u00e9e dans l&rsquo;\u00e9mission Tout le monde a son mot \u00e0 dire,<br \/>\nsur France 2,\u00a0 M\u00e9lanie Page avait fait une confidence sur sa<br \/>\nfille a\u00een\u00e9e : \u00ab\u00a0Le premier mot de ma premi\u00e8re fille, c&rsquo;\u00e9tait<br \/>\nquand m\u00eame &lsquo;<strong>attitude<\/strong>&lsquo;, <a href=\"https:\/\/www.dailymotion.com\/video\/x8hbr33\" target=\"_blank\" rel=\"nofollow noopener\">avait-elle affirm\u00e9<\/a>. C&rsquo;est rare. Mais<br \/>\nc&rsquo;est vrai en plus\u00a0\u00bb, avait-elle insist\u00e9 devant une assistance<br \/>\nassez dubitative !<\/p>\n<blockquote class=\"instagram-media\" style=\"background: #ffffff;border: 0;margin: 1px;width: 100%;padding: 0;max-width: 500px;\" data-instgrm-permalink=\"https:\/\/www.instagram.com\/p\/DR5HLJIDP8X\" data-instgrm-version=\"14\"\/>\n<p><script async src=\"\/\/www.instagram.com\/embed.js\"><\/script><\/p>\n","protected":false},"excerpt":{"rendered":"En couple depuis 2000, Nagui et M\u00e9lanie Page sont les heureux parents de trois enfants, : l\u00a0\u00bbanimateur star&hellip;\n","protected":false},"author":2,"featured_media":633610,"comment_status":"","ping_status":"","sticky":false,"template":"","format":"standard","meta":{"footnotes":""},"categories":[1359],"tags":[930,22729,13041,1764,1446,1805,58,59,12219,21,195,1011,27,4743,63405,12066,10477,8975,5261,973,22409,2407],"class_list":{"0":"post-633609","1":"post","2":"type-post","3":"status-publish","4":"format-standard","5":"has-post-thumbnail","7":"category-people","8":"tag-le","9":"tag-22729","10":"tag-a","11":"tag-ans","12":"tag-dans","13":"tag-de","14":"tag-divertissement","15":"tag-entertainment","16":"tag-et","17":"tag-fait","18":"tag-fille","19":"tag-fr","20":"tag-france","21":"tag-la","22":"tag-mannequinat","23":"tag-melanie","24":"tag-nagui","25":"tag-page","26":"tag-pas","27":"tag-people","28":"tag-premiers","29":"tag-ses"},"share_on_mastodon":{"url":"https:\/\/pubeurope.com\/@fr\/115818285171440497","error":""},"_links":{"self":[{"href":"https:\/\/www.europesays.com\/fr\/wp-json\/wp\/v2\/posts\/633609","targetHints":{"allow":["GET"]}}],"collection":[{"href":"https:\/\/www.europesays.com\/fr\/wp-json\/wp\/v2\/posts"}],"about":[{"href":"https:\/\/www.europesays.com\/fr\/wp-json\/wp\/v2\/types\/post"}],"author":[{"embeddable":true,"href":"https:\/\/www.europesays.com\/fr\/wp-json\/wp\/v2\/users\/2"}],"replies":[{"embeddable":true,"href":"https:\/\/www.europesays.com\/fr\/wp-json\/wp\/v2\/comments?post=633609"}],"version-history":[{"count":0,"href":"https:\/\/www.europesays.com\/fr\/wp-json\/wp\/v2\/posts\/633609\/revisions"}],"wp:featuredmedia":[{"embeddable":true,"href":"https:\/\/www.europesays.com\/fr\/wp-json\/wp\/v2\/media\/633610"}],"wp:attachment":[{"href":"https:\/\/www.europesays.com\/fr\/wp-json\/wp\/v2\/media?parent=633609"}],"wp:term":[{"taxonomy":"category","embeddable":true,"href":"https:\/\/www.europesays.com\/fr\/wp-json\/wp\/v2\/categories?post=633609"},{"taxonomy":"post_tag","embeddable":true,"href":"https:\/\/www.europesays.com\/fr\/wp-json\/wp\/v2\/tags?post=633609"}],"curies":[{"name":"wp","href":"https:\/\/api.w.org\/{rel}","templated":true}]}}