{"id":633611,"date":"2026-01-01T05:52:30","date_gmt":"2026-01-01T05:52:30","guid":{"rendered":"https:\/\/www.europesays.com\/fr\/633611\/"},"modified":"2026-01-01T05:52:30","modified_gmt":"2026-01-01T05:52:30","slug":"le-parcours-hors-du-commun-du-sculpteur-porto-vecchiais-don-giuseppe-colonna-cesari","status":"publish","type":"post","link":"https:\/\/www.europesays.com\/fr\/633611\/","title":{"rendered":"le parcours hors du commun du sculpteur porto-vecchiais Don Giuseppe Colonna Cesari"},"content":{"rendered":"<p>S&rsquo;il conna\u00eet son histoire, c&rsquo;est d&rsquo;abord parce que<strong> Don Giuseppe Colonna Cesari<\/strong>, comte della Rocca, est son arri\u00e8re-arri\u00e8re-grand-oncle. Et en tant que g\u00e9n\u00e9alogiste et historien, Antoine Moreaux-Colonna s&rsquo;est pench\u00e9 sur la vie de cet anc\u00eatre, dont \u00ab\u00a0nous avons conserv\u00e9 des archives familiales\u00a0\u00bb, et met surtout en avant la singularit\u00e9 de son a\u00efeul, qui fut un <strong>sculpteur, peintre et graveur<\/strong> reconnu de son \u00e9poque, \u00ab\u00a0entrant m\u00eame au Larousse de son vivant, ce qui reste rare\u00a0\u00bb.<\/p>\n<p>Et le petit-neveu de d\u00e9rouler les grands moments de l&rsquo;artiste, \u00ab\u00a0dont on a toujours parl\u00e9 en famille. Il reste des sculptures en terre cuite, notamment, mais aussi des carnets de dessins sur lesquels on voit Porto-Vecchio, ou encore une grande quantit\u00e9 de lettres qui racontent une histoire intrafamiliale, mais aussi la vie de l&rsquo;\u00e9poque, particuli\u00e8rement quand il \u00e9tait \u00e0 Rome ou encore quand il se trouvait \u00e0 Paris, o\u00f9 il s&rsquo;\u00e9tablit apr\u00e8s 1860, et participe \u00e0 de tr\u00e8s nombreuses expositions, dont les expositions universelles de 1867 et de 1878.\u00a0\u00bb<\/p>\n<p>Du sud de la Corse \u00e0 Rome<\/p>\n<p>L&rsquo;artiste n\u00e9 \u00e0 Porto-Vecchio dans une famille ais\u00e9e en mai\u00a01825 aurait d\u00fb embrasser une carri\u00e8re eccl\u00e9siastique et a fait ses \u00e9tudes au Grand S\u00e9minaire d&rsquo;Ajacc&#8230;<\/p>\n","protected":false},"excerpt":{"rendered":"S&rsquo;il conna\u00eet son histoire, c&rsquo;est d&rsquo;abord parce que Don Giuseppe Colonna Cesari, comte della Rocca, est son arri\u00e8re-arri\u00e8re-grand-oncle.&hellip;\n","protected":false},"author":2,"featured_media":633612,"comment_status":"","ping_status":"","sticky":false,"template":"","format":"standard","meta":{"footnotes":""},"categories":[1358],"tags":[17,1348,1384,1385,19001,1687,1386,58,13554,59,1011,27,74209,10911,12618,74208,28720],"class_list":{"0":"post-633611","1":"post","2":"type-post","3":"status-publish","4":"format-standard","5":"has-post-thumbnail","7":"category-arts-et-design","8":"tag-17","9":"tag-arts","10":"tag-arts-and-design","11":"tag-arts-et-design","12":"tag-commun","13":"tag-culture-loisirs","14":"tag-design","15":"tag-divertissement","16":"tag-don","17":"tag-entertainment","18":"tag-fr","19":"tag-france","20":"tag-giuseppe","21":"tag-hors","22":"tag-parcours","23":"tag-porto-vecchiais","24":"tag-sculpteur"},"share_on_mastodon":{"url":"https:\/\/pubeurope.com\/@fr\/115818289090986129","error":""},"_links":{"self":[{"href":"https:\/\/www.europesays.com\/fr\/wp-json\/wp\/v2\/posts\/633611","targetHints":{"allow":["GET"]}}],"collection":[{"href":"https:\/\/www.europesays.com\/fr\/wp-json\/wp\/v2\/posts"}],"about":[{"href":"https:\/\/www.europesays.com\/fr\/wp-json\/wp\/v2\/types\/post"}],"author":[{"embeddable":true,"href":"https:\/\/www.europesays.com\/fr\/wp-json\/wp\/v2\/users\/2"}],"replies":[{"embeddable":true,"href":"https:\/\/www.europesays.com\/fr\/wp-json\/wp\/v2\/comments?post=633611"}],"version-history":[{"count":0,"href":"https:\/\/www.europesays.com\/fr\/wp-json\/wp\/v2\/posts\/633611\/revisions"}],"wp:featuredmedia":[{"embeddable":true,"href":"https:\/\/www.europesays.com\/fr\/wp-json\/wp\/v2\/media\/633612"}],"wp:attachment":[{"href":"https:\/\/www.europesays.com\/fr\/wp-json\/wp\/v2\/media?parent=633611"}],"wp:term":[{"taxonomy":"category","embeddable":true,"href":"https:\/\/www.europesays.com\/fr\/wp-json\/wp\/v2\/categories?post=633611"},{"taxonomy":"post_tag","embeddable":true,"href":"https:\/\/www.europesays.com\/fr\/wp-json\/wp\/v2\/tags?post=633611"}],"curies":[{"name":"wp","href":"https:\/\/api.w.org\/{rel}","templated":true}]}}