{"id":633615,"date":"2026-01-01T05:55:14","date_gmt":"2026-01-01T05:55:14","guid":{"rendered":"https:\/\/www.europesays.com\/fr\/633615\/"},"modified":"2026-01-01T05:55:14","modified_gmt":"2026-01-01T05:55:14","slug":"un-freestyle-de-fin-dannee-avec-caballero-yvnnis-2l-durden-passi-daej-phantom-juste-shani","status":"publish","type":"post","link":"https:\/\/www.europesays.com\/fr\/633615\/","title":{"rendered":"Un freestyle de fin d&rsquo;ann\u00e9e avec Caballero, Yvnnis, 2L, Durden, Passi, Daej Phantom, Juste Shani"},"content":{"rendered":"<p class=\"PopSlotParagraph qg-tx2 qg-xtra-lh svelte-1r0pyek\">Caballero, Yvnnis, 2L, Durden, Passi, Daej Phantom, Juste Shani\u00a0: ils sont l\u00e0 pour rapper ce soir\u00a0!<br \/>R\u00e9unis autour de la table d&rsquo;A la r\u00e9guli\u00e8re, accompagn\u00e9s par DJ First Mike, ils ont tous quelques minutes pour montrer ce qu&rsquo;ils savent faire et comment ils manient les mots derri\u00e8re un micro.<\/p>\n<p> L&rsquo;\u00e9volution du rap et la place du freestyle \u00e0 la radio<\/p>\n<p class=\"PopSlotParagraph qg-tx2 qg-xtra-lh svelte-1r0pyek\">Le rap a consid\u00e9rablement \u00e9volu\u00e9 au fil des d\u00e9cennies, passant d&rsquo;une \u00e9poque o\u00f9 le freestyle \u00e9tait une composante essentielle des passages radio \u00e0 une p\u00e9riode o\u00f9 la discussion pr\u00e9domine. Les rappeurs venaient principalement \u00e0 la radio pour d\u00e9montrer leurs comp\u00e9tences en improvisation, tandis qu&rsquo;aujourd&rsquo;hui, l&rsquo;accent est davantage mis sur les \u00e9changes et les interviews. Cette transformation refl\u00e8te les changements dans l&rsquo;industrie musicale et la mani\u00e8re dont les artistes interagissent avec leur public et les m\u00e9dias.<\/p>\n<p class=\"PopSlotParagraph qg-tx2 qg-xtra-lh svelte-1r0pyek\">\u00ab\u00a0\u00c0 l&rsquo;\u00e9poque, se souvient Passi, on venait avec des dossiers comme \u00e7a, plein de feuilles, il n&rsquo;y avait pas de t\u00e9l\u00e9phone. C&rsquo;est vrai que le rap a beaucoup march\u00e9, l\u00e0 on est \u00e0 plusieurs g\u00e9n\u00e9rations. Maintenant on peut en parler, on peut r\u00e9fl\u00e9chir, on peut critiquer, on peut dire \u00e7a c&rsquo;est pas du rap, on peut critiquer les anciens, les nouveaux, l&rsquo;autotune, tout \u00e7a, \u00e7a reste du son, donc il y a de quoi parler, et donc on peut passer des heures \u00e0 parler de la radio ici.\u00a0\u00bb<\/p>\n","protected":false},"excerpt":{"rendered":"Caballero, Yvnnis, 2L, Durden, Passi, Daej Phantom, Juste Shani\u00a0: ils sont l\u00e0 pour rapper ce soir\u00a0!R\u00e9unis autour de&hellip;\n","protected":false},"author":2,"featured_media":633616,"comment_status":"","ping_status":"","sticky":false,"template":"","format":"standard","meta":{"footnotes":""},"categories":[1355],"tags":[58,59,1011,27,1361,873],"class_list":{"0":"post-633615","1":"post","2":"type-post","3":"status-publish","4":"format-standard","5":"has-post-thumbnail","7":"category-musique","8":"tag-divertissement","9":"tag-entertainment","10":"tag-fr","11":"tag-france","12":"tag-music","13":"tag-musique"},"share_on_mastodon":{"url":"https:\/\/pubeurope.com\/@fr\/115818300947408748","error":""},"_links":{"self":[{"href":"https:\/\/www.europesays.com\/fr\/wp-json\/wp\/v2\/posts\/633615","targetHints":{"allow":["GET"]}}],"collection":[{"href":"https:\/\/www.europesays.com\/fr\/wp-json\/wp\/v2\/posts"}],"about":[{"href":"https:\/\/www.europesays.com\/fr\/wp-json\/wp\/v2\/types\/post"}],"author":[{"embeddable":true,"href":"https:\/\/www.europesays.com\/fr\/wp-json\/wp\/v2\/users\/2"}],"replies":[{"embeddable":true,"href":"https:\/\/www.europesays.com\/fr\/wp-json\/wp\/v2\/comments?post=633615"}],"version-history":[{"count":0,"href":"https:\/\/www.europesays.com\/fr\/wp-json\/wp\/v2\/posts\/633615\/revisions"}],"wp:featuredmedia":[{"embeddable":true,"href":"https:\/\/www.europesays.com\/fr\/wp-json\/wp\/v2\/media\/633616"}],"wp:attachment":[{"href":"https:\/\/www.europesays.com\/fr\/wp-json\/wp\/v2\/media?parent=633615"}],"wp:term":[{"taxonomy":"category","embeddable":true,"href":"https:\/\/www.europesays.com\/fr\/wp-json\/wp\/v2\/categories?post=633615"},{"taxonomy":"post_tag","embeddable":true,"href":"https:\/\/www.europesays.com\/fr\/wp-json\/wp\/v2\/tags?post=633615"}],"curies":[{"name":"wp","href":"https:\/\/api.w.org\/{rel}","templated":true}]}}