{"id":633625,"date":"2026-01-01T06:02:15","date_gmt":"2026-01-01T06:02:15","guid":{"rendered":"https:\/\/www.europesays.com\/fr\/633625\/"},"modified":"2026-01-01T06:02:15","modified_gmt":"2026-01-01T06:02:15","slug":"accusation-dattaque-sur-la-residence-de-poutine-moscou-publie-une-video-kyiv-dement-fermement","status":"publish","type":"post","link":"https:\/\/www.europesays.com\/fr\/633625\/","title":{"rendered":"Accusation d&rsquo;attaque sur la r\u00e9sidence de Poutine : Moscou publie une vid\u00e9o, Kyiv d\u00e9ment fermement"},"content":{"rendered":"<p>Moscou a une fois de plus camp\u00e9 sur ses positions et a r\u00e9it\u00e9r\u00e9 ses accusations affirmant que <a href=\"https:\/\/fr.euronews.com\/2025\/12\/29\/moscou-accuse-kyiv-davoir-lance-des-drones-contre-la-residence-de-vladimir-poutine\" target=\"_blank\" rel=\"noopener\"><strong>l&rsquo;Ukraine avait attaqu\u00e9 une datcha de Vladimir Poutine<\/strong><\/a> avec 91 drones \u00e0 longue port\u00e9e. Ce mercredi 31 d\u00e9cembre, le Kremlin, minist\u00e8re russe de la D\u00e9fense, a publi\u00e9 une vid\u00e9o montrant un drone qui aurait \u00e9t\u00e9 lanc\u00e9, par Kyiv, sur la r\u00e9sidence de pr\u00e9sident russe \u00e0 Novgorod, dans la nuit du dimanche 28 au lundi 29 d\u00e9cembre.<\/p>\n<p>La vid\u00e9o montre un drone endommag\u00e9 au c\u00f4t\u00e9 duquel se trouve un soldat au visage dissimul\u00e9. Ce dernier affirme que le drone portait une charge explosive de six kilos.<\/p>\n<p>\u00ab\u00a0Dans la nuit du 29 d\u00e9cembre, on a tent\u00e9 de lancer un drone de type a\u00e9ronautique sur le territoire d&rsquo;une installation prot\u00e9g\u00e9e\u00a0\u00bb, ont assur\u00e9 deux autres soldats, plus tard dans la vid\u00e9o. Euronews n&rsquo;a pas pu v\u00e9rifier de mani\u00e8re ind\u00e9pendante l&rsquo;authenticit\u00e9 des images ou le lieu o\u00f9 elles ont \u00e9t\u00e9 film\u00e9es.<\/p>\n<p>En r\u00e9alit\u00e9, aucune preuve n&rsquo;a \u00e9t\u00e9 fournie pour confirmer que la pr\u00e9tendue attaque de drone a eu lieu pr\u00e8s de la r\u00e9sidence de Vladimir Poutine. Mardi, le porte-parole du pr\u00e9sident russe, Dmitri Peskov, avait d&rsquo;abord rejet\u00e9 l&rsquo;id\u00e9e de fournir des preuves suppl\u00e9mentaires pour \u00e9tayer les affirmations de Moscou.<\/p>\n<p>\u00ab\u00a0De telles actions imprudentes ne resteront pas sans r\u00e9ponse\u00a0\u00bb, a d\u00e9clar\u00e9 Sergue\u00ef Lavrov, ministre des Affaires \u00e9trang\u00e8res, \u00e0 l&rsquo;agence de presse Interfax. \u00ab\u00a0Les cons\u00e9quences se traduiront par un durcissement de la position de n\u00e9gociation de la Russie\u00a0\u00bb, a-t-il affirm\u00e9. Il n&rsquo;a pas pr\u00e9cis\u00e9 si Vladimir Poutine \u00e9tait pr\u00e9sent \u00e0 la r\u00e9sidence lors de l&rsquo;attaque pr\u00e9sum\u00e9e.<\/p>\n<p>\u00ab\u00a0Pas de bruit, pas d&rsquo;explosion\u00a0\u00bb, affirment les habitants de Valdai<\/p>\n<p>La r\u00e9sidence de Vladimir Poutine, \u00e9galement connue sous le nom de Dolgiye Borody ou \u00ab\u00a0longues barbes\u00a0\u00bb, est situ\u00e9e \u00e0 proximit\u00e9 de la ville de Valdai. Pourtant, les habitants de cette ville situ\u00e9e entre Moscou et Saint-P\u00e9tersbourg, ont assur\u00e9 aux m\u00e9dias nationaux n&rsquo;avoir \u00e9t\u00e9 t\u00e9moins d&rsquo;aucune attaque de drone. <\/p>\n<p>\u00ab\u00a0Il n&rsquo;y a pas eu de bruit cette nuit-l\u00e0, pas d&rsquo;explosions, rien\u00a0\u00bb, a d\u00e9clar\u00e9 un habitant au m\u00e9dia Mozhem Obyasnit. \u00ab\u00a0Si quelque chose de semblable s&rsquo;\u00e9tait produit, toute la ville en aurait parl\u00e9\u00a0\u00bb, a-t-il assur\u00e9.<\/p>\n<p>La datcha de Vladimir Poutine \u00e0 Valdai, lieu de vill\u00e9giature des hauts fonctionnaires depuis l&rsquo;\u00e9poque sovi\u00e9tique, est prot\u00e9g\u00e9e par d&rsquo;importantes installations de d\u00e9fense a\u00e9rienne, dont au moins une douzaine de batteries sol-air, selon certaines sources.<\/p>\n<p>Distraction d\u00e9lib\u00e9r\u00e9e<\/p>\n<p>Kyiv a imm\u00e9diatement rejet\u00e9 les all\u00e9gations de Moscou. Le pr\u00e9sident ukrainien Volodymyr Zelensky a r\u00e9pliqu\u00e9 aux affirmations de Moscou, les qualifiant de \u00ab\u00a0nouveau mensonge de la F\u00e9d\u00e9ration de Russie\u00a0\u00bb.<\/p>\n<p>\u00ab\u00a0Hier, nous avons eu <a href=\"https:\/\/fr.euronews.com\/2025\/12\/29\/guerre-en-ukraine-optimisme-prudent-apres-la-rencontre-trump-zelensky\" target=\"_blank\" rel=\"noopener\"><strong>une r\u00e9union avec [le pr\u00e9sident Donald] Trump<\/strong><\/a>, et il est clair que pour les Russes, s&rsquo;il n&rsquo;y a pas de scandale entre nous et les \u00c9tats-Unis et que nous faisons des progr\u00e8s, c&rsquo;est un \u00e9chec\u00a0\u00bb, a d\u00e9clar\u00e9 le pr\u00e9sident ukrainien, lundi apr\u00e8s-midi. \u00ab\u00a0Ils ne veulent pas mettre fin \u00e0 cette guerre\u00a0\u00bb, a-t-il ajout\u00e9.<\/p>\n<p>Depuis, plusieurs responsables europ\u00e9ens et \u00e9tats-uniens ont affich\u00e9 leur soutien \u00e0 l&rsquo;Ukraine, accusant Moscou de faire d\u00e9lib\u00e9r\u00e9ment d\u00e9railler <a href=\"https:\/\/fr.euronews.com\/my-europe\/2025\/11\/25\/negociations-de-paix-en-ukraine-quels-sont-les-enjeux-pour-les-europeens\" target=\"_blank\" rel=\"noopener\"><strong>les pourparlers de paix men\u00e9s par les \u00c9tats-Unis<\/strong><\/a>.<\/p>\n<p>Mercredi, la responsable de la politique \u00e9trang\u00e8re de l&rsquo;UE, Kaja Kallas, a accus\u00e9 la Russie de promouvoir des \u00ab\u00a0affirmations infond\u00e9es\u00a0\u00bb, qualifiant l&rsquo;all\u00e9gation de \u00ab\u00a0distraction d\u00e9lib\u00e9r\u00e9e\u00a0\u00bb. \u00ab\u00a0Moscou cherche \u00e0 faire d\u00e9railler les progr\u00e8s r\u00e9els de l&rsquo;Ukraine et de ses partenaires occidentaux vers la paix\u00a0\u00bb, a-t-elle \u00e9crit sur X.<\/p>\n<p>Un jour plus t\u00f4t, l&rsquo;ambassadeur am\u00e9ricain aupr\u00e8s de l&rsquo;Otan, Matthew Whitaker, a \u00e9galement mis en doute les all\u00e9gations de la Russie, d\u00e9clarant qu&rsquo;il pr\u00e9f\u00e9rait faire confiance aux renseignements \u00e9tats-uniens. \u00ab\u00a0Il n&rsquo;est pas certain que cela se soit r\u00e9ellement produit\u00a0\u00bb, a-t-il tranch\u00e9 lors d&rsquo;une interview accord\u00e9e \u00e0 Fox Business.<\/p>\n<p>\u00ab\u00a0Il me semble un peu ind\u00e9licat d&rsquo;\u00eatre si pr\u00e8s d&rsquo;un accord de paix, l&rsquo;Ukraine souhaitant vraiment conclure un accord de paix, et de faire quelque chose qui serait consid\u00e9r\u00e9 comme imprudent ou peu utile\u00a0\u00bb, a-t-il ajout\u00e9.<\/p>\n<p>L&rsquo;Ukraine et ses alli\u00e9s ont d\u00e9j\u00e0 accus\u00e9 Moscou de retarder intentionnellement tout cessez-le-feu ou accord de paix, tandis que le Kremlin continuait \u00e0 r\u00e9p\u00e9ter ses <a href=\"https:\/\/fr.euronews.com\/2025\/12\/16\/le-kremlin-rejette-tout-compromis-sur-les-regions-occupees-dukraine\" target=\"_blank\" rel=\"noopener\"><strong>exigences maximalistes<\/strong><\/a> comme condition pr\u00e9alable \u00e0 l&rsquo;avancement des pourparlers.<\/p>\n<p>Merz met en garde contre une guerre hybride<\/p>\n<p>Lundi, le Kremlin a d\u00e9clar\u00e9 que Vladimir Poutine avait inform\u00e9 le pr\u00e9sident am\u00e9ricain Donald Trump de l&rsquo;attaque ukrainienne pr\u00e9sum\u00e9e au cours de l&rsquo;appel et que cela avait conduit Moscou \u00e0 modifier sa position dans les n\u00e9gociations, comme l&rsquo;avait annonc\u00e9 Sergue\u00ef Lavrov, ont rapport\u00e9 les m\u00e9dias d&rsquo;\u00c9tat russes.<\/p>\n<p>Interrog\u00e9 sur cette attaque pr\u00e9sum\u00e9e plus tard dans la journ\u00e9e, Donald Trump, qui s&rsquo;est adress\u00e9 \u00e0 la presse en Floride <a href=\"https:\/\/fr.euronews.com\/2025\/12\/29\/trump-et-netanyahou-se-rencontrent-pour-parler-de-la-deuxieme-phase-du-cessez-le-feu-a-gaz\" target=\"_blank\" rel=\"noopener\"><strong>en compagnie du Premier ministre isra\u00e9lien Benjamin Netanyahu<\/strong><\/a>, a assur\u00e9 qu&rsquo;il \u00ab\u00a0n&rsquo;aimait pas \u00e7a\u00a0\u00bb. \u00ab\u00a0C&rsquo;est une p\u00e9riode d\u00e9licate, ce n&rsquo;est pas le bon moment. C&rsquo;est une chose d&rsquo;\u00eatre offensif [&#8230;] c&rsquo;est une autre chose d&rsquo;attaquer sa maison\u00a0\u00bb, a-t-il ajout\u00e9, avant de pr\u00e9ciser \u00eatre \u00ab\u00a0tr\u00e8s en col\u00e8re \u00e0 ce sujet\u00a0\u00bb.<\/p>\n<p>\u00ab\u00a0Vous dites que l&rsquo;attaque n&rsquo;a peut-\u00eatre pas eu lieu, c&rsquo;est possible aussi, je suppose\u00a0\u00bb, a-t-il assur\u00e9, ne donnant aucune information sur les renseignements dont il dispose. \u00ab\u00a0Mais le pr\u00e9sident Vladimir Poutine m&rsquo;a dit ce matin qu&rsquo;elle avait eu lieu.\u00a0\u00bb<\/p>\n<p>Dans le m\u00eame temps, le chancelier allemand Friedrich Merz a accus\u00e9 la Russie de mener une <a href=\"https:\/\/fr.euronews.com\/next\/2025\/12\/05\/la-guerre-froide-numerique-le-conflit-invisible-entre-louest-et-lest\" target=\"_blank\" rel=\"noopener\"><strong>guerre hybride contre l&rsquo;Europe<\/strong><\/a> dans son <a href=\"https:\/\/fr.euronews.com\/2025\/12\/31\/friedrich-merz-nous-ne-sommes-pas-le-jouet-des-grandes-puissances\" target=\"_blank\" rel=\"noopener\"><strong>discours du Nouvel An<\/strong><\/a>. \u00ab\u00a0Une guerre terrible fait rage en Europe. Elle menace directement notre libert\u00e9 et notre s\u00e9curit\u00e9. La Russie poursuit sa guerre d&rsquo;agression contre l&rsquo;Ukraine avec la m\u00eame intensit\u00e9\u00a0\u00bb, a-t-il d\u00e9clar\u00e9.<\/p>\n<p>\u00ab\u00a0Il ne s&rsquo;agit pas d&rsquo;une guerre lointaine qui ne nous concerne pas. En effet, nous voyons de plus en plus clairement que l&rsquo;agression de la Russie faisait et fait toujours partie d&rsquo;un plan visant l&rsquo;ensemble de l&rsquo;Europe. L&rsquo;Allemagne est \u00e9galement confront\u00e9e quotidiennement \u00e0 des actes de sabotage, d&rsquo;espionnage et de cyberattaque\u00a0\u00bb, a-t-il conclu.<\/p>\n","protected":false},"excerpt":{"rendered":"Moscou a une fois de plus camp\u00e9 sur ses positions et a r\u00e9it\u00e9r\u00e9 ses accusations affirmant que l&rsquo;Ukraine&hellip;\n","protected":false},"author":2,"featured_media":633626,"comment_status":"","ping_status":"","sticky":false,"template":"","format":"standard","meta":{"footnotes":""},"categories":[5],"tags":[11,2024,1011,27,14,2025,12,220,135,28],"class_list":{"0":"post-633625","1":"post","2":"type-post","3":"status-publish","4":"format-standard","5":"has-post-thumbnail","7":"category-international","8":"tag-actualites","9":"tag-drones","10":"tag-fr","11":"tag-france","12":"tag-international","13":"tag-invasion-de-la-russie-en-ukraine","14":"tag-news","15":"tag-ukraine","16":"tag-vladimir-poutine","17":"tag-world"},"share_on_mastodon":{"url":"https:\/\/pubeurope.com\/@fr\/115818328529768008","error":""},"_links":{"self":[{"href":"https:\/\/www.europesays.com\/fr\/wp-json\/wp\/v2\/posts\/633625","targetHints":{"allow":["GET"]}}],"collection":[{"href":"https:\/\/www.europesays.com\/fr\/wp-json\/wp\/v2\/posts"}],"about":[{"href":"https:\/\/www.europesays.com\/fr\/wp-json\/wp\/v2\/types\/post"}],"author":[{"embeddable":true,"href":"https:\/\/www.europesays.com\/fr\/wp-json\/wp\/v2\/users\/2"}],"replies":[{"embeddable":true,"href":"https:\/\/www.europesays.com\/fr\/wp-json\/wp\/v2\/comments?post=633625"}],"version-history":[{"count":0,"href":"https:\/\/www.europesays.com\/fr\/wp-json\/wp\/v2\/posts\/633625\/revisions"}],"wp:featuredmedia":[{"embeddable":true,"href":"https:\/\/www.europesays.com\/fr\/wp-json\/wp\/v2\/media\/633626"}],"wp:attachment":[{"href":"https:\/\/www.europesays.com\/fr\/wp-json\/wp\/v2\/media?parent=633625"}],"wp:term":[{"taxonomy":"category","embeddable":true,"href":"https:\/\/www.europesays.com\/fr\/wp-json\/wp\/v2\/categories?post=633625"},{"taxonomy":"post_tag","embeddable":true,"href":"https:\/\/www.europesays.com\/fr\/wp-json\/wp\/v2\/tags?post=633625"}],"curies":[{"name":"wp","href":"https:\/\/api.w.org\/{rel}","templated":true}]}}