{"id":633640,"date":"2026-01-01T06:20:14","date_gmt":"2026-01-01T06:20:14","guid":{"rendered":"https:\/\/www.europesays.com\/fr\/633640\/"},"modified":"2026-01-01T06:20:14","modified_gmt":"2026-01-01T06:20:14","slug":"une-annee-decisive-pour-grenoble","status":"publish","type":"post","link":"https:\/\/www.europesays.com\/fr\/633640\/","title":{"rendered":"UNE ANN\u00c9E D\u00c9CISIVE POUR GRENOBLE"},"content":{"rendered":"<p>Posted On 1 janvier 2026 <\/p>\n<p style=\"text-align: justify;\">Notre collectif adresse ses voeux les plus chaleureux \u00e0 tous ses lecteurs pour 2026. De sant\u00e9, de prosp\u00e9rit\u00e9 et de paix.<\/p>\n<p style=\"text-align: justify;\">2026 est une ann\u00e9e d\u00e9cisive pour Grenoble. Le 15 mars prochain la ville jouera son destin.<\/p>\n<p style=\"text-align: justify;\">Ou la poursuite inexorable d&rsquo;un d\u00e9clin, d&rsquo;une paup\u00e9risation acc\u00e9l\u00e9r\u00e9e qui toucherait tous les quartiers, la poursuite des rideaux qui se baissent, une d\u00e9linquance dominante qui accroit partout son pouvoir. \u00c0 terme on peut imaginer que la M\u00e9tropole qui r\u00e9ussit, la capitale de l&rsquo;innovation, pourrait se trouver menac\u00e9e par cet environnement d\u00e9favorable persistant, m\u00eame si sa masse critique la place tr\u00e8s haut et r\u00e9sistante \u00e0 cet environnement.<\/p>\n<p style=\"text-align: justify;\">Ou bien Grenoble choisit un nouveau d\u00e9part. La ville fait face avec courage \u00e0 ses crises s\u00e9curitaire, financi\u00e8re, sociale et environnementale. Comme \u00e0 la bourse, par anticipation, la valeur des biens remonte imm\u00e9diatement. l&rsquo;installation des cam\u00e9ras, l&rsquo;armement de la police municipale, la mise en place d&rsquo;un PC op\u00e9rationnel 24h sur 24, l&rsquo;implication des \u00e9lus, fait reculer la d\u00e9linquance. Le moratoire sur la b\u00e9tonisation et sur les 5000 HLM suppl\u00e9mentaires que voulait construire Laurence Ruffin permet d&rsquo;esp\u00e9rer \u00e0 nouveau que la ville atteigne la neutralit\u00e9\u00a0 carbone en 2050. Les mesures imm\u00e9diates sur les acc\u00e8s, le stationnement, la propret\u00e9 et\u00a0 l&rsquo;entretien de l&rsquo;espace public permet \u00e0 Grenoble de retrouver son attractivit\u00e9 et de redonner espoir \u00e0 son commerce, son artisanat, ses professions lib\u00e9rales, en particulier dans le domaine de la sant\u00e9.\u00a0<\/p>\n<p style=\"text-align: justify;\">Oui, le 15 mars est un jour d\u00e9cisif dans le calendrier de Grenoble. Chaque Grenoblois conscient devrait le cocher et s&rsquo;il doit \u00eatre absent prendre contact avec \u00ab\u00a0R\u00e9concilier Grenoble\u00a0\u00bb (26 avenue Alsace Lorraine, tel 04 76 00 52 92) pour \u00e9tablir une procuration.<\/p>\n<p style=\"text-align: justify;\">Chaque Grenoblois va compter pour l&rsquo;avenir de sa ville. Chaque grenoblois qui demeurerait neutre ou indiff\u00e9rent serait la premi\u00e8re victime, demain, d&rsquo;une reconduction de la municipalit\u00e9 sortante avec Laurence Ruffin.\u00a0<\/p>\n<p style=\"text-align: justify;\">Bonne ann\u00e9e \u00e0 tous !<\/p>\n<p style=\"text-align: justify;\">H.C et le collectif \u00ab\u00a0Grenoble, le Changement\u00a0\u00bb<\/p>\n","protected":false},"excerpt":{"rendered":"Posted On 1 janvier 2026 Notre collectif adresse ses voeux les plus chaleureux \u00e0 tous ses lecteurs pour&hellip;\n","protected":false},"author":2,"featured_media":633641,"comment_status":"","ping_status":"","sticky":false,"template":"","format":"standard","meta":{"footnotes":""},"categories":[9566],"tags":[1111,11,2430,1777,674,1011,27,2731,12,25],"class_list":{"0":"post-633640","1":"post","2":"type-post","3":"status-publish","4":"format-standard","5":"has-post-thumbnail","7":"category-grenoble","8":"tag-actu","9":"tag-actualites","10":"tag-auvergne-rhone-alpes","11":"tag-eu","12":"tag-europe","13":"tag-fr","14":"tag-france","15":"tag-grenoble","16":"tag-news","17":"tag-republique-francaise"},"share_on_mastodon":{"url":"https:\/\/pubeurope.com\/@fr\/115818399439445170","error":""},"_links":{"self":[{"href":"https:\/\/www.europesays.com\/fr\/wp-json\/wp\/v2\/posts\/633640","targetHints":{"allow":["GET"]}}],"collection":[{"href":"https:\/\/www.europesays.com\/fr\/wp-json\/wp\/v2\/posts"}],"about":[{"href":"https:\/\/www.europesays.com\/fr\/wp-json\/wp\/v2\/types\/post"}],"author":[{"embeddable":true,"href":"https:\/\/www.europesays.com\/fr\/wp-json\/wp\/v2\/users\/2"}],"replies":[{"embeddable":true,"href":"https:\/\/www.europesays.com\/fr\/wp-json\/wp\/v2\/comments?post=633640"}],"version-history":[{"count":0,"href":"https:\/\/www.europesays.com\/fr\/wp-json\/wp\/v2\/posts\/633640\/revisions"}],"wp:featuredmedia":[{"embeddable":true,"href":"https:\/\/www.europesays.com\/fr\/wp-json\/wp\/v2\/media\/633641"}],"wp:attachment":[{"href":"https:\/\/www.europesays.com\/fr\/wp-json\/wp\/v2\/media?parent=633640"}],"wp:term":[{"taxonomy":"category","embeddable":true,"href":"https:\/\/www.europesays.com\/fr\/wp-json\/wp\/v2\/categories?post=633640"},{"taxonomy":"post_tag","embeddable":true,"href":"https:\/\/www.europesays.com\/fr\/wp-json\/wp\/v2\/tags?post=633640"}],"curies":[{"name":"wp","href":"https:\/\/api.w.org\/{rel}","templated":true}]}}