{"id":633642,"date":"2026-01-01T06:21:10","date_gmt":"2026-01-01T06:21:10","guid":{"rendered":"https:\/\/www.europesays.com\/fr\/633642\/"},"modified":"2026-01-01T06:21:10","modified_gmt":"2026-01-01T06:21:10","slug":"tabacs-boulangeries-magasins-carrefour-quels-sont-les-commerces-ouverts-a-rennes-ce-1er-janvier-2026","status":"publish","type":"post","link":"https:\/\/www.europesays.com\/fr\/633642\/","title":{"rendered":"Tabacs, boulangeries, magasins Carrefour\u2026 Quels sont les commerces ouverts \u00e0 Rennes ce 1er janvier 2026\u00a0?"},"content":{"rendered":"<p>                    Par<br \/>\n        <strong><br \/>\n            <a href=\"https:\/\/actu.fr\/auteur\/laurene-fertin\" title=\"Consulter tous les articles de Laur\u00e8ne Fertin\" target=\"_blank\" rel=\"noopener\">Laur\u00e8ne Fertin<\/a><br \/>\n                    <\/strong><\/p>\n<p>        Publi\u00e9 le<\/p>\n<p>            1 janv. 2026 \u00e0 6h00        <\/p>\n<p>Vous n\u2019avez plus de cigarettes, de baguette ou encore de quoi vous cuisiner un repas en ce jour f\u00e9ri\u00e9 du nouvel an, jeudi 1er\u00a0janvier 2026\u2009? La r\u00e9daction d\u2019<a href=\"https:\/\/actu.fr\/rennes\/\" target=\"_blank\" rel=\"noopener\">actu Rennes <\/a>a sond\u00e9 les enseignes ouvertes aujourd\u2019hui. Voici la liste des <strong>tabacs, boulangeries, centres commerciaux<\/strong> et <strong>magasins Carrefour<\/strong> ouverts pr\u00e8s de chez vous.<\/p>\n<p>Les boulangeries ouvertes<\/p>\n<ul class=\" wall-content\">\n<li><strong>L\u2019Attrape-Douceurs<\/strong>\u2009: ouverte toute la journ\u00e9e jusqu\u2019\u00e0 19h30 au 262, rue de Nantes dans le quartier Br\u00e9quigny (ferm\u00e9e en revanche dans le quartier Sainte-Th\u00e9r\u00e8se)\u2009;<\/li>\n<li><strong>Maison B\u00e9cam<\/strong>\u2009: ouverte de 7h \u00e0 20h au<a href=\"https:\/\/www.google.com\/maps\/place\/\/data=!4m2!3m1!1s0x480edf280fd8fd3d:0xaf033aa8d5e7eb38?sa=X&amp;ved=1t:8290&amp;ictx=111\" target=\"_blank\" rel=\"noopener\"> 69, rue Jean-Gu\u00e9henno<\/a>\u2009;<\/li>\n<li><strong>Augustin<\/strong>\u2009: ouverte de 7h \u00e0 19h30 au<a href=\"https:\/\/maps.google.com\/maps?hl=fr&amp;gl=fr&amp;um=1&amp;ie=UTF-8&amp;fb=1&amp;sa=X&amp;ftid=0x480edf3e1bcacef3:0x460379e68b483074\" target=\"_blank\" rel=\"noopener\"> 273, rue de Ch\u00e2teaugiron<\/a>\u2009; de 6h30 \u00e0 20h au <a href=\"https:\/\/maps.google.com\/maps?hl=fr&amp;gl=fr&amp;um=1&amp;ie=UTF-8&amp;fb=1&amp;sa=X&amp;ftid=0x480edebba22cfd7f:0x6c0cb8ba24f14c46\" target=\"_blank\" rel=\"noopener\">26, route de Foug\u00e8res<\/a> (Cesson-S\u00e9vign\u00e9)\u2009; de 7h \u00e0 20h au <a href=\"https:\/\/maps.google.com\/maps?hl=fr&amp;gl=fr&amp;um=1&amp;ie=UTF-8&amp;fb=1&amp;sa=X&amp;ftid=0x480ede33d2d84b7d:0x563080c43ddb02ba\" target=\"_blank\" rel=\"noopener\">11, rue de la Monnaie<\/a> (centre-ville de Rennes)\u2009; ferm\u00e9e en revanche au 21 Pl. du Colombier \u00e0 Rennes et \u00e0 Saint-Gr\u00e9goire\u2009;<\/li>\n<li><strong>Boulangerie Miravel<\/strong>\u2009: ouverte de 7h \u00e0 20h au<a href=\"https:\/\/www.google.fr\/maps\/place\/132+Rue+de+Foug%C3%A8res,+35700+Rennes\/@48.1220258,-1.6644138,581m\/data=!3m2!1e3!4b1!4m6!3m5!1s0x480ede5b9e037aff:0x3fb081cd2fef39a!8m2!3d48.1220258!4d-1.6618389!16s%2Fg%2F11cpclgj85?entry=ttu&amp;g_ep=EgoyMDI1MTIwOS4wIKXMDSoASAFQAw%3D%3D\" target=\"_blank\" rel=\"noopener\"> 132, rue de Foug\u00e8res<\/a> (ouverte toute l\u2019ann\u00e9e m\u00eame les jours f\u00e9ri\u00e9s).<\/li>\n<\/ul>\n<p class=\" wall-content\">Les boulangeries ferm\u00e9es\u2009: boulangerie Maison fontaine\u2009; le fournil Vasselot\u2009; maison Coupel\u2009; la boulangerie du Thabor\u2009; La t\u00eate enfarin\u00e9e\u2009; boulangerie Elluard\u2009; boulangerie L\u2019H\u00e9lier du pain\u2009; L\u2019artisan du pain\u2009; Maison B\u00e9cam\u2009; boulangerie Ange (rue de Ch\u00e2teaugiron et rue de Saint-Malo)\u2009; boulangerie Pasquer.<\/p>\n<p class=\" wall-content\">Celles qui sont toujours ferm\u00e9es les jours f\u00e9ri\u00e9s\u2009: Fleur de sel, Brodin dans le quartier de la Courrouze, Fournil du Gast aux Gayeulles, Amande Boulangerie \u00e0 ViaSilva, Soulabaille \u00e0 Villejean, Respire (rue de Ch\u00e2teaugiron).<\/p>\n<p class=\" wall-content\">Cette liste n\u2019est pas exhaustive\u2009: les boulangeries qui n\u2019ont pas \u00e9t\u00e9 mentionn\u00e9es dans cet article sont ceux qui n\u2019ont pas r\u00e9pondu \u00e0 nos sollicitations par t\u00e9l\u00e9phone.<\/p>\n<p>Les tabacs ouverts<\/p>\n<ul class=\" wall-content\">\n<li><strong>Bar tabac le Saint-H\u00e9lier<\/strong>\u2009: ouvert de 10h \u00e0 18h au<a href=\"https:\/\/www.google.com\/maps\/place\/\/data=!4m2!3m1!1s0x480edfb2fdad90b3:0xb7e6a82d67c15e95?sa=X&amp;ved=1t:8290&amp;ictx=111\" target=\"_blank\" rel=\"noopener\"> 83, rue Saint-H\u00e9lier.<\/a><\/li>\n<\/ul>\n<p class=\" wall-content\">Les tabacs ferm\u00e9s\u2009: Le Reinitas\u2009; Le Savane\u2009; La Joffrerie\u2009; Tabac Presse Kennedy\u2009; La maison du fumeur\u2009; Le Marigny\u2009; Le Janvier\u2009; Alma presse\u2009; Tabac Presse La Bellangerais\u2009; Tabac Presse La\u00a0Havane\u2009; Tabac Presse Au Bretagne\u2009; Le Vizir\u2009; Tabac Presse Beauregard\u2009; Tabac Presse du Pilate\u2009; Les Marelles\u2009; Tabac Presse Vap\u2019 Anatole France\u2009; Tabac du Blosne\u2009; Tabac Presse du Gast\u2009; Les Horizons\u2009; Tabac Presse Cleunay\u2009;<\/p>\n<p class=\" wall-content\">Cette liste n\u2019est pas exhaustive\u2009: les bars-tabacs qui n\u2019ont pas \u00e9t\u00e9 mentionn\u00e9s dans cet article sont ceux qui n\u2019ont pas r\u00e9pondu \u00e0 nos sollicitations par t\u00e9l\u00e9phone.<\/p>\n<p>Les centres commerciaux<\/p>\n<ul class=\" wall-content\">\n<li><strong>Alma<\/strong>\u2009: ferm\u00e9\u2009;<\/li>\n<li><strong>Cleunay<\/strong>\u2009: ferm\u00e9\u2009;<\/li>\n<li><strong>Grand quartier<\/strong>\u2009: n\u2019a pas r\u00e9pondu \u00e0 nos sollicitations\u2009;<\/li>\n<li><strong>Centre commercial Carrefour Rennes Cesson<\/strong>\u2009: n\u2019a pas r\u00e9pondu \u00e0 nos sollicitations\u2009;<\/li>\n<li><strong>Centre commercial Colombia<\/strong>\u2009: ferm\u00e9\u2009;<\/li>\n<li><strong>E. Leclerc Saint-Gr\u00e9goire Le Centre<\/strong>\u2009: ferm\u00e9\u2009;<\/li>\n<li><strong>La Visitation<\/strong>\u2009: ferm\u00e9e.<\/li>\n<\/ul>\n<p>Les Carrefour ouverts<\/p>\n<ul class=\" wall-content\">\n<li><strong>Carrefour Express<\/strong> au <a href=\"https:\/\/www.google.fr\/maps\/place\/254+Rue+de+Foug%C3%A8res,+35700+Rennes\/@48.1274953,-1.6520006,581m\/data=!3m2!1e3!4b1!4m6!3m5!1s0x480edef4ba978789:0x4cd4518f5b3efd22!8m2!3d48.1274953!4d-1.6494257!16s%2Fg%2F11crs8d_dv?entry=ttu&amp;g_ep=EgoyMDI1MTIwOS4wIKXMDSoASAFQAw%3D%3D\" target=\"_blank\" rel=\"noopener\">254, route de Foug\u00e8res<\/a> ouvert de 10h \u00e0 21h\u2009;<\/li>\n<li><strong>Carrefour Express<\/strong>\u2009: au <a href=\"https:\/\/www.google.fr\/maps\/place\/Carrefour+Express\/@48.1006274,-1.6909718,582m\/data=!3m2!1e3!4b1!4m6!3m5!1s0x480edf9e2b18a7f7:0xa31add40daeca949!8m2!3d48.1006275!4d-1.6861009!16s%2Fg%2F11mvvqp5ds?entry=ttu&amp;g_ep=EgoyMDI1MTIwOS4wIKXMDSoASAFQAw%3D%3D\" target=\"_blank\" rel=\"noopener\">140, rue de Nantes<\/a>, ouvert de 10h \u00e0 22h et jusqu\u2019\u00e0 1h sur Ubereats et Deliveroo\u2009;<\/li>\n<li><strong>Carrefour Express<\/strong> au<a href=\"https:\/\/www.google.fr\/maps\/place\/Carrefour+Express\/@48.120839,-1.6748469,581m\/data=!3m2!1e3!4b1!4m6!3m5!1s0x480edf668f6db8c9:0x5f83033246455906!8m2!3d48.120839!4d-1.672272!16s%2Fg%2F11j4cjjlhn?entry=ttu&amp;g_ep=EgoyMDI1MTIwOS4wIKXMDSoASAFQAw%3D%3D\" target=\"_blank\" rel=\"noopener\"> 83, rue d\u2019Antrain,<\/a> ouvert de 9h \u00e0 19h\u2009;<\/li>\n<li><strong>Carrefour Express<\/strong>\u00a0au <a href=\"https:\/\/www.google.fr\/maps\/place\/Carrefour+Express\/@48.0849472,-1.6949482,1164m\/data=!3m2!1e3!4b1!4m6!3m5!1s0x480edf00099abc85:0x8e26b7e29482c467!8m2!3d48.0849472!4d-1.6923733!16s%2Fg%2F11jp6w6wx5?entry=ttu&amp;g_ep=EgoyMDI1MTIwOS4wIKXMDSoASAFQAw%3D%3D\" target=\"_blank\" rel=\"noopener\">6, place Albert-Bayet,<\/a> ouvert de 14h \u00e0 21h.<\/li>\n<\/ul>\n<p class=\" wall-content\">Les Carrefour city ferm\u00e9s\u2009: au 25, Bd L\u00e9on Bourgeois\u2009; Carrefour Express au 9, place de Bretagne\u2009; au 202, rue Saint-Malo\u2009; Carrefour Express au 20, rue Mar\u00e9chal Joffre.<\/p>\n<p class=\" wall-content\">\u00c0 noter\u2009: Les Super U express de la rue de Brest et place Hoche sont ferm\u00e9s.<\/p>\n<p class=\" wall-content\">Personnalisez votre actualit\u00e9 en ajoutant vos villes et m\u00e9dias en favori avec <a href=\"https:\/\/moncompte.actu.fr\" title=\"D\u00e9couvez Mon Actu\" rel=\"nofollow noopener\" data-trk=\"{&quot;cta&quot;:{&quot;action&quot;:&quot;https:\\\/\\\/moncompte.actu.fr&quot;,&quot;category&quot;:&quot;mon compte&quot;,&quot;from&quot;:&quot;article footer&quot;,&quot;name&quot;:&quot;Mon actu&quot;,&quot;type&quot;:&quot;cta&quot;}}\" target=\"_blank\">Mon Actu<\/a>.<\/p>\n","protected":false},"excerpt":{"rendered":"Par Laur\u00e8ne Fertin Publi\u00e9 le 1 janv. 2026 \u00e0 6h00 Vous n\u2019avez plus de cigarettes, de baguette ou&hellip;\n","protected":false},"author":2,"featured_media":633643,"comment_status":"","ping_status":"","sticky":false,"template":"","format":"standard","meta":{"footnotes":""},"categories":[2821],"tags":[1111,11,829,215,1777,674,1011,27,12,57085,584,25,104],"class_list":{"0":"post-633642","1":"post","2":"type-post","3":"status-publish","4":"format-standard","5":"has-post-thumbnail","7":"category-rennes","8":"tag-actu","9":"tag-actualites","10":"tag-bretagne","11":"tag-commerce","12":"tag-eu","13":"tag-europe","14":"tag-fr","15":"tag-france","16":"tag-news","17":"tag-nouvel-an-a-rennes","18":"tag-rennes","19":"tag-republique-francaise","20":"tag-societe"},"share_on_mastodon":{"url":"https:\/\/pubeurope.com\/@fr\/115818403078315659","error":""},"_links":{"self":[{"href":"https:\/\/www.europesays.com\/fr\/wp-json\/wp\/v2\/posts\/633642","targetHints":{"allow":["GET"]}}],"collection":[{"href":"https:\/\/www.europesays.com\/fr\/wp-json\/wp\/v2\/posts"}],"about":[{"href":"https:\/\/www.europesays.com\/fr\/wp-json\/wp\/v2\/types\/post"}],"author":[{"embeddable":true,"href":"https:\/\/www.europesays.com\/fr\/wp-json\/wp\/v2\/users\/2"}],"replies":[{"embeddable":true,"href":"https:\/\/www.europesays.com\/fr\/wp-json\/wp\/v2\/comments?post=633642"}],"version-history":[{"count":0,"href":"https:\/\/www.europesays.com\/fr\/wp-json\/wp\/v2\/posts\/633642\/revisions"}],"wp:featuredmedia":[{"embeddable":true,"href":"https:\/\/www.europesays.com\/fr\/wp-json\/wp\/v2\/media\/633643"}],"wp:attachment":[{"href":"https:\/\/www.europesays.com\/fr\/wp-json\/wp\/v2\/media?parent=633642"}],"wp:term":[{"taxonomy":"category","embeddable":true,"href":"https:\/\/www.europesays.com\/fr\/wp-json\/wp\/v2\/categories?post=633642"},{"taxonomy":"post_tag","embeddable":true,"href":"https:\/\/www.europesays.com\/fr\/wp-json\/wp\/v2\/tags?post=633642"}],"curies":[{"name":"wp","href":"https:\/\/api.w.org\/{rel}","templated":true}]}}