{"id":633650,"date":"2026-01-01T06:28:13","date_gmt":"2026-01-01T06:28:13","guid":{"rendered":"https:\/\/www.europesays.com\/fr\/633650\/"},"modified":"2026-01-01T06:28:13","modified_gmt":"2026-01-01T06:28:13","slug":"previsions-du-jeudi-1er-janvier-2026-7","status":"publish","type":"post","link":"https:\/\/www.europesays.com\/fr\/633650\/","title":{"rendered":"pr\u00e9visions du jeudi 1er janvier 2026"},"content":{"rendered":"<p>Le soleil sera dominant, la garantie d&rsquo;une magnifique journ\u00e9e \u00e0 Nice ! Les valeurs afficheront entre 6\u00b0C et 11\u00b0C. Il va faire environ 8\u00b0C, le matin. Une brise de nord-ouest soufflera doucement. L&rsquo;apr\u00e8s-midi, les temp\u00e9ratures seront comprises entre 9 et 11\u00b0C. On pr\u00e9voit une embellie pour cette soir\u00e9e. On anticipe des valeurs d&rsquo;environ 7\u00b0C. On s&rsquo;attend \u00e0 une nuit claire entre jeudi et vendredi.<\/p>\n<p>Un beau soleil est attendu demain \u00e0 Nice. Les temp\u00e9ratures vont descendre de quelques degr\u00e9s. Il fera 7\u00b0C en moyenne. Les Ni\u00e7ois vont avoir froid le matin : les temp\u00e9ratures ne vont pas d\u00e9passer 9\u00b0C. Les valeurs seront de 7\u00b0C. Un vent de nord-ouest soufflera l\u00e9g\u00e8rement, avec 9 km\/h. Les maximales iront jusqu&rsquo;\u00e0 9\u00b0C dans l&rsquo;apr\u00e8s-midi tandis que les minimales seront de 7\u00b0C. La ville aura quelques \u00e9claircies demain soir. Les valeurs s&rsquo;\u00e9chelonneront entre 6 et 7\u00b0C. Un vent de nord-ouest rafra\u00eechira sensiblement l&rsquo;atmosph\u00e8re.<\/p>\n<p>Pour les prochains jours, la m\u00e9t\u00e9o ne changera pas. Le temps sera ensoleill\u00e9 avec des temp\u00e9ratures avoisinant 5\u00b0C.<\/p>\n<p><\/p>\n","protected":false},"excerpt":{"rendered":"Le soleil sera dominant, la garantie d&rsquo;une magnifique journ\u00e9e \u00e0 Nice ! Les valeurs afficheront entre 6\u00b0C et&hellip;\n","protected":false},"author":2,"featured_media":633651,"comment_status":"","ping_status":"","sticky":false,"template":"","format":"standard","meta":{"footnotes":""},"categories":[2819],"tags":[1111,11,1777,674,1011,27,12,2401,2119,882,25],"class_list":{"0":"post-633650","1":"post","2":"type-post","3":"status-publish","4":"format-standard","5":"has-post-thumbnail","7":"category-nice","8":"tag-actu","9":"tag-actualites","10":"tag-eu","11":"tag-europe","12":"tag-fr","13":"tag-france","14":"tag-news","15":"tag-nice","16":"tag-previsions-meteo","17":"tag-provence-alpes-cote-dazur","18":"tag-republique-francaise"},"share_on_mastodon":{"url":"https:\/\/pubeurope.com\/@fr\/115818430675226326","error":""},"_links":{"self":[{"href":"https:\/\/www.europesays.com\/fr\/wp-json\/wp\/v2\/posts\/633650","targetHints":{"allow":["GET"]}}],"collection":[{"href":"https:\/\/www.europesays.com\/fr\/wp-json\/wp\/v2\/posts"}],"about":[{"href":"https:\/\/www.europesays.com\/fr\/wp-json\/wp\/v2\/types\/post"}],"author":[{"embeddable":true,"href":"https:\/\/www.europesays.com\/fr\/wp-json\/wp\/v2\/users\/2"}],"replies":[{"embeddable":true,"href":"https:\/\/www.europesays.com\/fr\/wp-json\/wp\/v2\/comments?post=633650"}],"version-history":[{"count":0,"href":"https:\/\/www.europesays.com\/fr\/wp-json\/wp\/v2\/posts\/633650\/revisions"}],"wp:featuredmedia":[{"embeddable":true,"href":"https:\/\/www.europesays.com\/fr\/wp-json\/wp\/v2\/media\/633651"}],"wp:attachment":[{"href":"https:\/\/www.europesays.com\/fr\/wp-json\/wp\/v2\/media?parent=633650"}],"wp:term":[{"taxonomy":"category","embeddable":true,"href":"https:\/\/www.europesays.com\/fr\/wp-json\/wp\/v2\/categories?post=633650"},{"taxonomy":"post_tag","embeddable":true,"href":"https:\/\/www.europesays.com\/fr\/wp-json\/wp\/v2\/tags?post=633650"}],"curies":[{"name":"wp","href":"https:\/\/api.w.org\/{rel}","templated":true}]}}