{"id":633658,"date":"2026-01-01T06:33:10","date_gmt":"2026-01-01T06:33:10","guid":{"rendered":"https:\/\/www.europesays.com\/fr\/633658\/"},"modified":"2026-01-01T06:33:10","modified_gmt":"2026-01-01T06:33:10","slug":"toulousain-de-lannee-2025-a-la-maison-des-femmes-le-dr-marion-vergnault-a-ouvert-la-porte-a-400-victimes","status":"publish","type":"post","link":"https:\/\/www.europesays.com\/fr\/633658\/","title":{"rendered":"Toulousain de l\u2019ann\u00e9e 2025\u00a0: \u00c0 la Maison des femmes, le Dr Marion Vergnault a ouvert la porte \u00e0 400 victimes"},"content":{"rendered":"<p>\n                                                                    l&rsquo;essentiel<br \/>\n                                                                Le Dr Marion Vergnault est la responsable de la Maison des femmes de Toulouse Occitanie Ouest. Pour sa premi\u00e8re ann\u00e9e d\u2019ouverture, la structure a accueilli 400 femmes victimes de violences conjugales, intrafamiliales ou sexuelles. M\u00e9decin l\u00e9giste au CHU de Toulouse, Marion Vergnault a port\u00e9 le projet pendant trois ans. Elle fait partie des 14 propositions de la r\u00e9daction pour la s\u00e9rie \u00ab\u00a0Toulousain de l\u2019ann\u00e9e 2025\u00a0\u00bb.\n                            <\/p>\n<p>Plus jeune, c\u2019est sur les terrains de basket que le Dr Marion Vergnault\u00a0d\u00e9ployait sa longue silhouette. Elle en a gard\u00e9 le go\u00fbt du collectif et le sens du service. Pas du genre \u00e0 vouloir attirer la lumi\u00e8re, elle a choisi de mettre\u00a0sa discr\u00e9tion au service des patients et de la justice. Depuis quinze ans, Marion Vergnault, est m\u00e9decin l\u00e9giste au Centre hospitalier universitaire (CHU) de Toulouse, les pieds\u00a0dans \u00ab\u00a0deux mondes qui se confrontent et s\u2019associent en m\u00eame temps, car le m\u00e9decin l\u00e9giste est aussi un acteur de la justice\u00a0\u00bb.<\/p>\n<p>Attir\u00e9e par le c\u00f4t\u00e9 expertise, elle s\u2019est engouffr\u00e9e dans cette voie \u00e0 la fin de son cursus de m\u00e9decine g\u00e9n\u00e9rale. \u00ab\u00a0J\u2019ai aim\u00e9 le c\u00f4t\u00e9 technique de l\u2019autopsie mais aussi\u00a0l\u2019aspect humain pour l\u2019\u00e9valuation des victimes. Rien n\u2019est identique, chaque personne a sa fa\u00e7on de vivre les choses, explique le m\u00e9decin, \u00e2g\u00e9e de 41 ans. Il nous faut faire preuve \u00e0 la fois d\u2019objectivit\u00e9 dans les \u00e9valuations m\u00e9dico-l\u00e9gales et d\u2019empathie vis-\u00e0-vis des victimes, sans aller \u00e0 la compassion. Avoir du recul est primordial\u00a0\u00bb.<\/p>\n<p>\u00ab\u00a0Un regard m\u00e9dical diff\u00e9rent\u00a0\u00bb<\/p>\n<p>Jeune fille, \u00e0 Poitiers o\u00f9 elle a grandi, Marion Vergnault ne savait pas exactement quelle serait sa route apr\u00e8s le baccalaur\u00e9at. \u00ab\u00a0Je voulais \u00eatre dans le soin aux personnes. Comme j\u2019\u00e9tais bonne \u00e9l\u00e8ve, je suis partie en m\u00e9decine avec l\u2019id\u00e9e de devenir p\u00e9diatre. J\u2019ai finalement \u00e9t\u00e9 attir\u00e9e par le c\u00f4t\u00e9 expertise de la m\u00e9decine l\u00e9gale, c\u2019\u00e9tait un regard m\u00e9dical diff\u00e9rent\u00a0\u00bb. Interne en m\u00e9decine, c\u2019est Toulouse qu\u2019elle choisit, par envie de changer d\u2019air, de r\u00e9gion, et attir\u00e9e par la bonne r\u00e9putation de la facult\u00e9 en m\u00e9decine g\u00e9n\u00e9rale et m\u00e9decine l\u00e9gale.<\/p>\n<p class=\"std-elt__inline\">\n        <strong>\u00c0 lire aussi :<\/strong><br \/>\n        <a href=\"https:\/\/www.ladepeche.fr\/2024\/11\/30\/violences-sexistes-et-sexuelles-de-nombreuses-femmes-ont-des-besoins-plus-larges-que-le-simple-constat-medico-legal-12347964.php\" target=\"_blank\" rel=\"noopener\">Violences sexistes et sexuelles\u00a0: \u00ab\u00a0De nombreuses femmes ont des besoins plus larges que le simple constat m\u00e9dico-l\u00e9gal\u00a0\u00bb<\/a>\n    <\/p>\n<p>Au cours de ses ann\u00e9es de m\u00e9decine l\u00e9gale, tout en cultivant un \u00ab\u00a0\u00e9cran de distance et d\u2019objectivit\u00e9\u00a0\u00bb, le Dr Marion Vergnault constate des besoins grandissants pour accompagner les femmes victimes de violences. \u00ab\u00a0Parmi les centaines de femmes victimes de violences intra familiales, de violences sexuelles, de violences conjugales que nous recevions dans le cadre de nos expertises, on voyait bien que les plus pr\u00e9caires et les plus vuln\u00e9rables manquaient d\u2019un accompagnement coordonn\u00e9, d\u2019un suivi plus personnalis\u00e9. La m\u00e9decine l\u00e9gale a toujours \u00e9t\u00e9 une discipline tr\u00e8s cadr\u00e9e, en r\u00e9ponse \u00e0 la demande de la justice. Mais nous sommes aussi des m\u00e9decins et des t\u00e9moins des besoins de prise en charge des victimes\u00a0\u00bb.<\/p>\n<p>En janvier\u00a02022, la visite de la Maison des femmes de Saint-Denis, la premi\u00e8re du r\u00e9seau ReStart <a href=\"https:\/\/www.ladepeche.fr\/2025\/10\/03\/violences-envers-les-femmes-si-les-hommes-ne-rejoignent-pas-la-cause-des-femmes-lavenir-sera-completement-pourri-avertit-la-fondatrice-de-la-maison-12966634.php\" target=\"_self\" rel=\"noopener\">cr\u00e9\u00e9e par le Dr Ghada Hatem<\/a>, a fini de convaincre Marion Vergnault. Au c\u00f4t\u00e9 d\u2019Elise Paranthoen, sage-femme, elle monte le projet d\u2019une Maison des femmes \u00e0 Toulouse. \u00ab\u00a0Il fallait ouvrir un lieu pour accueillir des patientes au parcours morcel\u00e9, qui avaient des besoins allant au-del\u00e0 de la consultation de m\u00e9decine l\u00e9gale. Nous avions cette envie de construire un avenir plus juste et plus s\u00fbr pour toutes les femmes\u00a0\u00bb, d\u00e9crypte le m\u00e9decin, maman de deux enfants \u00e2g\u00e9s de 6 ans et 4 ans et depuis toujours \u00ab\u00a0sensible aux violences subies par les minorit\u00e9s, anim\u00e9e par le rejet des injustices et des discriminations\u00a0\u00bb.<\/p>\n<p class=\"std-elt__inline\">\n        <strong>\u00c0 lire aussi :<\/strong><br \/>\n        <a href=\"https:\/\/www.ladepeche.fr\/2025\/11\/25\/il-y-aura-toujours-des-situations-ou-il-est-difficile-pour-les-femmes-de-sortir-de-lemprise-a-toulouse-la-maison-des-femmes-a-accueilli-400-patientes-13070596.php\" target=\"_blank\" rel=\"noopener\">\u00ab\u00a0Il y aura toujours des situations o\u00f9 il est difficile pour les femmes de sortir de l\u2019emprise\u00a0\u00bb, \u00e0 Toulouse, la Maison des femmes a accueilli 400 patientes en un an<\/a>\n    <\/p>\n<p>Pendant pr\u00e8s de trois ans, Marion Vergnault mobilise toutes les ressources humaines\u00a0pour b\u00e2tir ce qui est aujourd\u2019hui la Maison des femmes de Toulouse Occitanie ouest et qu\u2019elle coordonne. Ouverte \u00e0 la fin du mois de d\u00e9cembre\u00a02024, dans un\u00a0b\u00e2timent de 340\u00a0m2 de l\u2019h\u00f4pital Purpan, r\u00e9nov\u00e9 et chaleureusement am\u00e9nag\u00e9, la structure\u00a0a d\u00e9j\u00e0 atteint ses objectifs lors de la premi\u00e8re ann\u00e9e de fonctionnement. Pr\u00e8s de 400 femmes ont pouss\u00e9 la porte de cette <a href=\"https:\/\/www.ladepeche.fr\/2025\/03\/04\/en-tant-quhomme-je-ne-ressens-pas-de-la-pression-mais-de-la-responsabilite-le-rappeur-oli-parrain-de-la-maison-des-femmes-a-toulouse-12547160.php\" target=\"_self\" rel=\"noopener\">maison inaugur\u00e9e en mars\u00a02025<\/a>. \u00ab\u00a0Elles ont toutes des histoires de vie diff\u00e9rentes mais elles se rejoignent et ici, on peut leur proposer d\u2019autres objectifs de prise en charge, nous ne sommes plus sur la m\u00eame temporalit\u00e9\u00a0\u00bb, d\u00e9crit le Dr Vergnault, ravie de s\u2019investir dans cette nouvelle activit\u00e9 qui l\u2019occupe aujourd\u2019hui 80\u00a0% de son temps.<\/p>\n<p>Des projets d\u2019agrandissement pour 2027<\/p>\n<p>En 2026, la coordinatrice de la Maison des femmes de Toulouse endossera \u00e0 nouveau son costume de porteuse de projet. \u00ab\u00a0Nous avons besoin d\u2019augmenter nos ressources en personnel pour proposer davantage de temps d\u2019accueil et de consultations, notamment des s\u00e9ances de psychologues. Nous manquons aussi de bureaux, nous jouons \u00e0 T\u00e9tris pour trouver de la place pour les consultations et les ateliers th\u00e9rapeutiques. Nous avons projet\u00e9 des plans de r\u00e9novation et d\u2019extension mais il va falloir aller chercher des financements pour que \u00e7a se concr\u00e9tise en 2027. On part de loin, j\u2019en ai conscience, mais la soci\u00e9t\u00e9 \u00e9volue vers le droit des femmes\u00a0\u00bb.<\/p>\n<p>    Marion Vergnault en quelques dates<\/p>\n<p><strong>1984\u00a0:<\/strong> Naissance \u00e0 Poitiers<\/p>\n<p><strong>2010\u00a0: <\/strong>Interne en m\u00e9decine au CHU de Toulouse<\/p>\n<p><strong>2014\u00a0:<\/strong> Int\u00e8gre l\u2019unit\u00e9 m\u00e9dico-judiciaire du CHU de Toulouse<\/p>\n<p><strong>2022\u00a0:<\/strong> Lancement du projet Maison des femmes<\/p>\n<p><strong>2024\u00a0:<\/strong> 16\u00a0d\u00e9cembre, ouverture de la Maison des femmes de Toulouse Occitanie ouest. Inauguration en mars\u00a02025.<\/p>\n","protected":false},"excerpt":{"rendered":"l&rsquo;essentiel Le Dr Marion Vergnault est la responsable de la Maison des femmes de Toulouse Occitanie Ouest. Pour&hellip;\n","protected":false},"author":2,"featured_media":633659,"comment_status":"","ping_status":"","sticky":false,"template":"","format":"standard","meta":{"footnotes":""},"categories":[2816],"tags":[1111,11,1777,674,1011,27,329,2722,12,2680,25,1857,74210,2312],"class_list":{"0":"post-633658","1":"post","2":"type-post","3":"status-publish","4":"format-standard","5":"has-post-thumbnail","7":"category-toulouse","8":"tag-actu","9":"tag-actualites","10":"tag-eu","11":"tag-europe","12":"tag-fr","13":"tag-france","14":"tag-france-monde","15":"tag-haute-garonne","16":"tag-news","17":"tag-occitanie","18":"tag-republique-francaise","19":"tag-sociu00e9tu00e9","20":"tag-toulousain-de-lannu00e9e","21":"tag-toulouse"},"share_on_mastodon":{"url":"https:\/\/pubeurope.com\/@fr\/115818452007981328","error":""},"_links":{"self":[{"href":"https:\/\/www.europesays.com\/fr\/wp-json\/wp\/v2\/posts\/633658","targetHints":{"allow":["GET"]}}],"collection":[{"href":"https:\/\/www.europesays.com\/fr\/wp-json\/wp\/v2\/posts"}],"about":[{"href":"https:\/\/www.europesays.com\/fr\/wp-json\/wp\/v2\/types\/post"}],"author":[{"embeddable":true,"href":"https:\/\/www.europesays.com\/fr\/wp-json\/wp\/v2\/users\/2"}],"replies":[{"embeddable":true,"href":"https:\/\/www.europesays.com\/fr\/wp-json\/wp\/v2\/comments?post=633658"}],"version-history":[{"count":0,"href":"https:\/\/www.europesays.com\/fr\/wp-json\/wp\/v2\/posts\/633658\/revisions"}],"wp:featuredmedia":[{"embeddable":true,"href":"https:\/\/www.europesays.com\/fr\/wp-json\/wp\/v2\/media\/633659"}],"wp:attachment":[{"href":"https:\/\/www.europesays.com\/fr\/wp-json\/wp\/v2\/media?parent=633658"}],"wp:term":[{"taxonomy":"category","embeddable":true,"href":"https:\/\/www.europesays.com\/fr\/wp-json\/wp\/v2\/categories?post=633658"},{"taxonomy":"post_tag","embeddable":true,"href":"https:\/\/www.europesays.com\/fr\/wp-json\/wp\/v2\/tags?post=633658"}],"curies":[{"name":"wp","href":"https:\/\/api.w.org\/{rel}","templated":true}]}}