{"id":633672,"date":"2026-01-01T06:41:10","date_gmt":"2026-01-01T06:41:10","guid":{"rendered":"https:\/\/www.europesays.com\/fr\/633672\/"},"modified":"2026-01-01T06:41:10","modified_gmt":"2026-01-01T06:41:10","slug":"lyon-centres-commerciaux-musees-parcs-ce-qui-est-ouvert-le-1er-janvier-2026","status":"publish","type":"post","link":"https:\/\/www.europesays.com\/fr\/633672\/","title":{"rendered":"Lyon. Centres commerciaux, mus\u00e9es, parcs&#8230; Ce qui est ouvert le 1er janvier 2026"},"content":{"rendered":"<p>                    Par<br \/>\n        <strong><br \/>\n            <a href=\"https:\/\/actu.fr\/auteur\/emma-ressegaire\" title=\"Consulter tous les articles de Emma Ressegaire\" target=\"_blank\" rel=\"noopener\">Emma Ressegaire<\/a><br \/>\n                    <\/strong><\/p>\n<p>        Publi\u00e9 le<\/p>\n<p>            1 janv. 2026 \u00e0 6h04        <\/p>\n<p>Une nouvelle ann\u00e9e commence. \u00c0 Lyon, ce jeudi 1er janvier 2026 sera synonyme de rues moins fr\u00e9quent\u00e9es que d\u2019habitude. Et <strong>la tr\u00e8s grande majorit\u00e9 des \u00e9tablissements<\/strong> ferment leurs portes en ce jour f\u00e9ri\u00e9. On fait le point sur ce qui est ouvert ou ferm\u00e9 dans la capitale des Gaules.<\/p>\n<p>Les centres commerciaux\u00a0<\/p>\n<p class=\" wall-content\">Westfield La Part-Dieu : <strong>ferm\u00e9 (sauf le cin\u00e9ma UGC)<\/strong><br \/>P\u00f4le de commerces et de loisirs Carr\u00e9 de Soie : <strong>ferm\u00e9<\/strong><br \/>P\u00f4le de commerces et de loisirs Confluence : <strong>ferm\u00e9<\/strong><br \/>Grand H\u00f4tel Dieu : <strong>ferm\u00e9<\/strong><br \/>Printemps : <strong>ferm\u00e9<\/strong><br \/>Galeries Lafayette Bron : <strong>ferm\u00e9es<\/strong><br \/>The Village Outlet :<strong> ferm\u00e9<br \/><\/strong>Ikea Lyon Grand Parilly : <strong>ferm\u00e9<\/strong><br \/>Leroy Merlin Lyon Grand Parilly : <strong>ferm\u00e9<\/strong><br \/>Centre commercial \u00c9cully Grand Ouest : <strong>ferm\u00e9<\/strong><br \/>Centre commercial Saint\u2011Genis 2 : <strong>ferm\u00e9<\/strong><br \/>Centre commercial Auchan Porte des Alpes : <strong>ferm\u00e9<\/strong><\/p>\n<p>Les mus\u00e9es, la patinoire et autres<\/p>\n<p class=\" wall-content\">Mus\u00e9e des Confluences : <strong>ferm\u00e9<\/strong><br \/>Mus\u00e9e des Beaux-Arts : <strong>ferm\u00e9<\/strong><br \/>Mus\u00e9e Lumi\u00e8re : <strong>ferm\u00e9<\/strong><br \/>Mus\u00e9e et Th\u00e9\u00e2tre romains : <strong>ferm\u00e9<\/strong><br \/>Mus\u00e9e Cin\u00e9ma et Miniatures : <strong>ferm\u00e9<\/strong><br \/>Mus\u00e9e d\u2019Art Contemporain : <strong>ferm\u00e9<\/strong><br \/>Centre d\u2019Histoire de la R\u00e9sistance et de la D\u00e9portation : <strong>ferm\u00e9<\/strong><br \/>Mus\u00e9e des Arts de la Marionnette : <strong>ferm\u00e9<\/strong><br \/>Cit\u00e9 internationale de la Gastronomie : <strong>ferm\u00e9e<\/strong><br \/>Mus\u00e9e de l\u2019illusion :<strong> ouvert\u00a0<\/strong><br \/>Mini World : <strong>ferm\u00e9<\/strong><br \/>Patinoire Charlemagne : <strong>ferm\u00e9e<\/strong><br \/>Aquarium de Lyon : <strong>ferm\u00e9<\/strong><br \/>Le Plan\u00e9tarium : <strong>ferm\u00e9<\/strong><\/p>\n<p>Biblioth\u00e8ques, parcs municipaux, cin\u00e9mas<\/p>\n<p class=\" wall-content\">Biblioth\u00e8ques municipales : <strong>ferm\u00e9es<\/strong><br \/>Parc de Parilly : <strong>ouvert\u00a0<\/strong><br \/>Parc de la T\u00eate d\u2019Or : <strong>ouvert<\/strong><br \/>Parc de Gerland :<strong> ouvert<\/strong><br \/>Domaine de Lacroix-Laval :\u00a0<strong>ouvert<\/strong><br \/>Parc de la Feyssine : <strong>ouvert<\/strong><br \/>Parc de Curis :<strong> ouvert<\/strong><br \/>Parc de la Porte des Alpes : <strong>ouvert<\/strong><br \/>Cin\u00e9mas Path\u00e9 Vaise et Bellecour : <strong>ouverts<br \/><\/strong>Cin\u00e9mas UGC :<strong> ouverts<br \/><\/strong>Le Comoedia : <strong>ouvert \u00e0 partir de 13 heures.<\/strong><\/p>\n<p class=\" wall-content\">Personnalisez votre actualit\u00e9 en ajoutant vos villes et m\u00e9dias en favori avec <a href=\"https:\/\/moncompte.actu.fr\" title=\"D\u00e9couvez Mon Actu\" rel=\"nofollow noopener\" data-trk=\"{&quot;cta&quot;:{&quot;action&quot;:&quot;https:\\\/\\\/moncompte.actu.fr&quot;,&quot;category&quot;:&quot;mon compte&quot;,&quot;from&quot;:&quot;article footer&quot;,&quot;name&quot;:&quot;Mon actu&quot;,&quot;type&quot;:&quot;cta&quot;}}\" target=\"_blank\">Mon Actu<\/a>.<\/p>\n","protected":false},"excerpt":{"rendered":"Par Emma Ressegaire Publi\u00e9 le 1 janv. 2026 \u00e0 6h04 Une nouvelle ann\u00e9e commence. \u00c0 Lyon, ce jeudi&hellip;\n","protected":false},"author":2,"featured_media":633673,"comment_status":"","ping_status":"","sticky":false,"template":"","format":"standard","meta":{"footnotes":""},"categories":[1889],"tags":[1111,11,2430,215,1777,674,1011,27,2428,6178,9708,12,25,104],"class_list":{"0":"post-633672","1":"post","2":"type-post","3":"status-publish","4":"format-standard","5":"has-post-thumbnail","7":"category-lyon","8":"tag-actu","9":"tag-actualites","10":"tag-auvergne-rhone-alpes","11":"tag-commerce","12":"tag-eu","13":"tag-europe","14":"tag-fr","15":"tag-france","16":"tag-lyon","17":"tag-lyon-part-dieu","18":"tag-musee-des-confluences","19":"tag-news","20":"tag-republique-francaise","21":"tag-societe"},"share_on_mastodon":{"url":"https:\/\/pubeurope.com\/@fr\/115818481781950920","error":""},"_links":{"self":[{"href":"https:\/\/www.europesays.com\/fr\/wp-json\/wp\/v2\/posts\/633672","targetHints":{"allow":["GET"]}}],"collection":[{"href":"https:\/\/www.europesays.com\/fr\/wp-json\/wp\/v2\/posts"}],"about":[{"href":"https:\/\/www.europesays.com\/fr\/wp-json\/wp\/v2\/types\/post"}],"author":[{"embeddable":true,"href":"https:\/\/www.europesays.com\/fr\/wp-json\/wp\/v2\/users\/2"}],"replies":[{"embeddable":true,"href":"https:\/\/www.europesays.com\/fr\/wp-json\/wp\/v2\/comments?post=633672"}],"version-history":[{"count":0,"href":"https:\/\/www.europesays.com\/fr\/wp-json\/wp\/v2\/posts\/633672\/revisions"}],"wp:featuredmedia":[{"embeddable":true,"href":"https:\/\/www.europesays.com\/fr\/wp-json\/wp\/v2\/media\/633673"}],"wp:attachment":[{"href":"https:\/\/www.europesays.com\/fr\/wp-json\/wp\/v2\/media?parent=633672"}],"wp:term":[{"taxonomy":"category","embeddable":true,"href":"https:\/\/www.europesays.com\/fr\/wp-json\/wp\/v2\/categories?post=633672"},{"taxonomy":"post_tag","embeddable":true,"href":"https:\/\/www.europesays.com\/fr\/wp-json\/wp\/v2\/tags?post=633672"}],"curies":[{"name":"wp","href":"https:\/\/api.w.org\/{rel}","templated":true}]}}