{"id":633678,"date":"2026-01-01T06:45:13","date_gmt":"2026-01-01T06:45:13","guid":{"rendered":"https:\/\/www.europesays.com\/fr\/633678\/"},"modified":"2026-01-01T06:45:13","modified_gmt":"2026-01-01T06:45:13","slug":"pau-en-finale-litalie-historique-jiuta-wainiqolo-lyon-aussi-nos-grands-paris-pour-lannee-2026","status":"publish","type":"post","link":"https:\/\/www.europesays.com\/fr\/633678\/","title":{"rendered":"Pau en finale, l\u2019Italie historique, Jiuta Wainiqolo (Lyon) aussi\u2026 Nos grands paris pour l\u2019ann\u00e9e 2026\u00a0!"},"content":{"rendered":"<p>\n                2025 termin\u00e9e, place \u00e0 2026\u00a0! Et avec cela, nos paris pour cette nouvelle ann\u00e9e. Allez on se mouille, mais \u00e7a fait partie du jeu. Alors en 2026, on imagine bien Pau aller (tr\u00e8s) loin en Top 14, l\u2019Union Bordeaux-B\u00e8gles imiter La\u00a0Rochelle ou encore l\u2019Italie surprendre son monde au 6 Nations.\n            <\/p>\n<p>Notre premier pari pour cette nouvelle ann\u00e9e concerne le Top 14 et la <strong><a href=\"https:\/\/www.rugbyrama.fr\/equipe\/section-paloise\/\" target=\"_self\" rel=\"noopener\">Section paloise<\/a><\/strong>. Les B\u00e9arnais ont r\u00e9alis\u00e9 un d\u00e9but de saison excellent et se retrouvent aujourd\u2019hui deuxi\u00e8mes du Top 14 avec sept longueurs d\u2019avance sur Toulon, troisi\u00e8me. Pour la fin de saison, Th\u00e9o Attissogbe, Joe Simmonds et \u00c9milien Gailleton seront de retour, le groupe va continuer de prendre en confiance et en exp\u00e9rience et les avants palois vont continuer de rouler sur leurs adversaires\u2026 D\u00e8s lors, comment ne pas imaginer la bande de S\u00e9bastien Piqueronies ne pas atteindre la finale du <strong><a href=\"https:\/\/www.rugbyrama.fr\/rugby-a-xv\/top-14\/\" target=\"_self\" rel=\"noopener\">Top 14<\/a><\/strong>\u00a0? Quelle que soit l\u2019\u00e9quipe affront\u00e9e en demie, ils ont les arguments pour surprendre. C\u2019est en tout cas notre pari et cela viendrait quand m\u00eame d\u00e9jouer les pronostics.<\/p>\n<ul>\n<li>\n\t<strong>L\u2019UBB en route vers le doubl\u00e9 en Champions Cup<\/strong>\n\t<\/li>\n<\/ul>\n<p>Vainqueur la saison pass\u00e9e du premier titre de son histoire, l\u2019<strong><a href=\"https:\/\/www.rugbyrama.fr\/equipe\/union-bordeaux-begles\/\" target=\"_self\" rel=\"noopener\">Union Bordeaux-B\u00e8gles<\/a><\/strong> entend bien \u00e9videmment doubler la mise en <strong><a href=\"https:\/\/www.rugbyrama.fr\/rugby-a-xv\/champions-cup\/\" target=\"_self\" rel=\"noopener\">Champions Cup<\/a><\/strong>\u00a0en 2026. \u00c0 l\u2019image des Rochelais de\u00a02022 et\u00a02023, on voit bien les joueurs de l\u2019UBB r\u00e9it\u00e9rer cette performance en cette nouvelle ann\u00e9e. Emmen\u00e9s par un Matthieu Jalibert qui va continuer d\u2019\u00e9clabousser la comp\u00e9tition de son talent, les Girondins se cr\u00e9ent\u00a0une histoire sp\u00e9ciale avec la Champions Cup et la France reste sur le toit de l&rsquo;Europe, c&rsquo;est tout bonus !<\/p>\n<p>        <img decoding=\"async\" class=\"std-img__img responsive-img\" src=\"https:\/\/www.europesays.com\/fr\/wp-content\/uploads\/2026\/01\/1767249913_776_image.jpg\" alt=\"Wainiqolo a d\u00e9j\u00e0 inscrit 10 essais cette saison en Top 14.\"\/><\/p>\n<p>                Wainiqolo a d\u00e9j\u00e0 inscrit 10 essais cette saison en Top 14.<br \/>\n                                    Icon Sport &#8211; Hugo Pfeiffer<\/p>\n<ul>\n<li>\n\t<strong>Wainiqolo \u00e9gale le record de Chris Ashton<\/strong>\n\t<\/li>\n<\/ul>\n<p>Jiuta Wainiqolo a\u00a0d\u00e9marr\u00e9\u00a0la nouvelle saison sur des bases impressionnantes\u00a0: dix\u00a0r\u00e9alisations en neuf\u00a0rencontres disput\u00e9es. \u00c0 mi-parcours, ce n\u2019est pas suffisant pour \u00e9galer ou battre le record d\u2019essais inscrits sur une saison de Top 14 de Chris Ashton (24). Mais on voit bien l\u2019ailier fidjien acc\u00e9l\u00e9rer encore\u00a0la cadence, pour sortir les <strong><a href=\"https:\/\/www.rugbyrama.fr\/equipe\/lyon-lou\/\" target=\"_self\" rel=\"noopener\">Lyonnais <\/a><\/strong>d\u2019une saison qui s\u2019annonce pour le moment assez fade. Allez, Jiuta Wainiqolo version 2026, dans le m\u00eame wagon que Chris Ashton version 2018, on monte dans le train. Parce qu&rsquo;il faut aussi avouer que voir un Anglais seul recordman dans une comp\u00e9tition fran\u00e7aise, \u00e7a nous emb\u00eate un petit peu&#8230;<\/p>\n<ul>\n<li>\n\t<strong>L&rsquo;Italie sur le podium du Tournoi<\/strong>\n\t<\/li>\n<\/ul>\n<p>Pour celui-l\u00e0, on ne fait que paraphraser le monstre Rassie Erasmus. Apr\u00e8s la victoire des siens contre <strong><a href=\"https:\/\/www.rugbyrama.fr\/equipe\/italie\/\" target=\"_self\" rel=\"noopener\">l\u2019Italie <\/a><\/strong>(32-14) en novembre, le brillant s\u00e9lectionneur sud-africain a d\u00e9clar\u00e9 : \u00ab\u00a0<strong><a href=\"https:\/\/www.rugbyrama.fr\/2025\/12\/01\/tournoi-des-6-nations-si-je-devais-faire-une-prediction-je-dirais-que-litalie-terminera-deuxieme-ou-troisieme-estime-erasmus-13083756.php\" target=\"_self\" rel=\"noopener\">Je dirais que l\u2019Italie va terminer deuxi\u00e8me ou troisi\u00e8me du Tournoi des 6 Nations<\/a><\/strong>\u00ab\u00a0. On le suit\u00a0! Il faut dire qu\u2019Ange Capuozzo et ses co\u00e9quipiers finissent bien cette ann\u00e9e 2025 avec notamment une victoire historique contre l\u2019Australie (26-19) lors de la Tourn\u00e9e de Novembre. Pour le <strong><a href=\"https:\/\/www.rugbyrama.fr\/rugby-a-xv\/6-nations\/\" target=\"_self\" rel=\"noopener\">Tournoi 2026<\/a><\/strong>, ils accueilleront l\u2019\u00c9cosse et\u00a0l\u2019Angleterre et se rendront en France, en Irlande et au Pays de Galles. Audacieux mais pas impossible\u00a0!<\/p>\n<ul>\n<li>\n\t<strong>Valence-Romans fait une \u00ab\u00a0Montauban\u00a0\u00bb<\/strong>\n\t<\/li>\n<\/ul>\n<p>Au classement des \u00e9v\u00e9nements les plus marquants de 2025, la mont\u00e9e de Montauban en Top 14 y occupe une tr\u00e8s belle place. Et si l\u2019\u00e9pop\u00e9e de S\u00e9bastien Tillous-Bordes et de ses hommes n\u2019\u00e9tait pas un \u00e9v\u00e9nement isol\u00e9\u00a0? C\u2019est en tout cas notre pari avec <strong><a href=\"https:\/\/www.rugbyrama.fr\/equipe\/valence-romans\/\" target=\"_self\" rel=\"noopener\">Valence-Romans<\/a><\/strong>. Le VRDR est actuellement troisi\u00e8me de<strong><a href=\"https:\/\/www.rugbyrama.fr\/rugby-a-xv\/pro-d2\/\" target=\"_self\" rel=\"noopener\"> Pro D2<\/a>. <\/strong>Pouss\u00e9s par ce d\u00e9but de saison surprise et le sentiment de n\u2019avoir rien \u00e0 perdre, les joueurs de Fabien Fortassin pourraient bien obtenir ce graal inesp\u00e9r\u00e9, celui de monter dans l\u2019\u00e9lite du rugby fran\u00e7ais.<\/p>\n<ul>\n<li>\n\t<strong>Christophe Urios et Fritz Lee, ensemble pour la Saint-Valentin<\/strong>\n\t<\/li>\n<\/ul>\n<p>C\u2019est une actualit\u00e9 qui a marqu\u00e9 la fin d\u2019ann\u00e9e 2025\u00a0: <strong><a href=\"https:\/\/www.rugbyrama.fr\/2025\/12\/23\/top-14-clermont-ne-peut-pas-se-contenter-detre-une-equipe-de-milieu-de-tableau-fritz-lee-se-confie-sur-la-situation-de-lasm-apres-son-commentaire-sur-13125492.php\" target=\"_self\" rel=\"noopener\">Fritz Lee et d\u2019anciens Clermontois<\/a><\/strong> qui s\u2019\u00e9l\u00e8vent pour d\u00e9noncer la situation \u00e0 Clermont, apr\u00e8s la d\u00e9faite des Jaunards \u00e0 Perpignan (26-20), le 20 d\u00e9cembre dernier. Cela, en pointant notamment du doigt Christophe Urios et son staff, qui ne parviennent pas selon eux\u00a0\u00e0 faire progresser <strong><a href=\"https:\/\/www.rugbyrama.fr\/equipe\/asm-clermont\/\" target=\"_self\" rel=\"noopener\">l\u2019ASM<\/a><\/strong>. Le manager a ensuite <strong><a href=\"https:\/\/www.rugbyrama.fr\/2025\/12\/28\/video-juste-le-plaisir-de-faire-fermer-la-guule-a-certains-lache-christophe-urios-apres-la-victoire-contre-lubb-lors-de-la-13e-journee-de-top-14-13133991.php\" target=\"_self\" rel=\"noopener\">r\u00e9pondu aux anciens<\/a><\/strong> de la maison apr\u00e8s la victoire contre l\u2019UBB une semaine plus tard (34-19). Un partout, balle au centre\u00a0? Fin du match m\u00eame\u00a0! Pour 2026, nous voyons les deux hommes se r\u00e9concilier, anim\u00e9s tous les deux par le m\u00eame objectif\u00a0: remettre Clermont au sommet du rugby fran\u00e7ais. Une Saint-Valentin en t\u00eate-\u00e0-t\u00eate pour enterrer la hache de guerre\u00a0? On prend le pari\u00a0!<\/p>\n<p>Voici donc pour lancer cette nouvelle ann\u00e9e nos paris (ou souhaits) pour 2026. Ne mettez votre maison en jeu sur ces pr\u00e9dictions, mais si \u00e7a arrive, vous ne pourrez pas dire que vous ne saviez pas !<\/p>\n","protected":false},"excerpt":{"rendered":"2025 termin\u00e9e, place \u00e0 2026\u00a0! Et avec cela, nos paris pour cette nouvelle ann\u00e9e. Allez on se mouille,&hellip;\n","protected":false},"author":2,"featured_media":633679,"comment_status":"","ping_status":"","sticky":false,"template":"","format":"standard","meta":{"footnotes":""},"categories":[1888],"tags":[1111,1928,11,1927,1777,674,1011,27,12,1926,626,1925,25,68796,478],"class_list":{"0":"post-633678","1":"post","2":"type-post","3":"status-publish","4":"format-standard","5":"has-post-thumbnail","7":"category-paris","8":"tag-actu","9":"tag-actu-paris","10":"tag-actualites","11":"tag-actualites-paris","12":"tag-eu","13":"tag-europe","14":"tag-fr","15":"tag-france","16":"tag-news","17":"tag-news-paris","18":"tag-paris","19":"tag-paris-news","20":"tag-republique-francaise","21":"tag-rugby-u00e0-xv","22":"tag-top-14"},"share_on_mastodon":{"url":"https:\/\/pubeurope.com\/@fr\/115818497569373737","error":""},"_links":{"self":[{"href":"https:\/\/www.europesays.com\/fr\/wp-json\/wp\/v2\/posts\/633678","targetHints":{"allow":["GET"]}}],"collection":[{"href":"https:\/\/www.europesays.com\/fr\/wp-json\/wp\/v2\/posts"}],"about":[{"href":"https:\/\/www.europesays.com\/fr\/wp-json\/wp\/v2\/types\/post"}],"author":[{"embeddable":true,"href":"https:\/\/www.europesays.com\/fr\/wp-json\/wp\/v2\/users\/2"}],"replies":[{"embeddable":true,"href":"https:\/\/www.europesays.com\/fr\/wp-json\/wp\/v2\/comments?post=633678"}],"version-history":[{"count":0,"href":"https:\/\/www.europesays.com\/fr\/wp-json\/wp\/v2\/posts\/633678\/revisions"}],"wp:featuredmedia":[{"embeddable":true,"href":"https:\/\/www.europesays.com\/fr\/wp-json\/wp\/v2\/media\/633679"}],"wp:attachment":[{"href":"https:\/\/www.europesays.com\/fr\/wp-json\/wp\/v2\/media?parent=633678"}],"wp:term":[{"taxonomy":"category","embeddable":true,"href":"https:\/\/www.europesays.com\/fr\/wp-json\/wp\/v2\/categories?post=633678"},{"taxonomy":"post_tag","embeddable":true,"href":"https:\/\/www.europesays.com\/fr\/wp-json\/wp\/v2\/tags?post=633678"}],"curies":[{"name":"wp","href":"https:\/\/api.w.org\/{rel}","templated":true}]}}