{"id":633680,"date":"2026-01-01T06:46:18","date_gmt":"2026-01-01T06:46:18","guid":{"rendered":"https:\/\/www.europesays.com\/fr\/633680\/"},"modified":"2026-01-01T06:46:18","modified_gmt":"2026-01-01T06:46:18","slug":"sarreter-cest-laisser-le-froid-entrer-dans-les-os-la-discipline-de-survie-de-deux-sans-abri-a-paris","status":"publish","type":"post","link":"https:\/\/www.europesays.com\/fr\/633680\/","title":{"rendered":"\u00ab\u00a0S&rsquo;arr\u00eater, c&rsquo;est laisser le froid entrer dans les os\u00a0\u00bb: la discipline de survie de deux sans-abri \u00e0 Paris"},"content":{"rendered":"\n<p>Leur parcours est cal\u00e9 sur les rotations de ce qu\u2019ils appellent les \u201corganisations de solidarit\u00e9\u201d. Pour eux, la \u201cdistribution\u201d commence chaque soir \u00e0 18h30 \u00e0 la gare de l\u2019Est pour les repas.<\/p>\n<p>Le calendrier est strict : R\u00e9publique les mardis, jeudis et samedis ; gare de l\u2019Est les lundis, mercredis et vendredis. \u201cOn a une montre dans la t\u00eate. Si tu arrives avec dix minutes de retard, il ne reste pas grand-chose\u201d, indique Sylvain, 52 ans.<\/p>\n<p>Sur leurs \u00e9paules, ils portent des sacs de 70 litres contenant des duvets et des v\u00eatements de rechange. Ce chargement de quinze kilos impose une marche cadenc\u00e9e.<\/p>\n<p>\u201cS\u2019arr\u00eater, c\u2019est laisser le froid entrer dans les os. Tant qu\u2019on marche, on fabrique notre propre chaleur\u201d, confie Danish, 50 ans<\/p>\n<p>Chaque soir, ils scrutent les pr\u00e9visions m\u00e9t\u00e9o sur l\u2019\u00e9cran d\u2019un t\u00e9l\u00e9phone.<\/p>\n<p>\u201cOn regarde les degr\u00e9s pour savoir comment se pr\u00e9parer\u201d, glisse Sylvain alors que le mercure doit \u201cdescendre \u00e0 -3\u00b0C la semaine prochaine\u201d, croit-il savoir.<\/p>\n<p>Pour isoler son corps, Sylvain superpose six \u00e9paisseurs sur le haut du corps : t-shirt, pull, polaire, gilet et deux blousons.<\/p>\n<p>\u201cL\u2019astuce, c\u2019est de laisser de l\u2019air entre les couches. Si tu es trop serr\u00e9, l\u2019isolation marche pas trop\u201d, pr\u00e9cise-t-il.<\/p>\n<p>Le bas est prot\u00e9g\u00e9 par des collants sous le pantalon et deux paires de chaussettes.<\/p>\n<p>Sa t\u00eate est couverte d\u2019un bonnet, d\u2019une casquette et d\u2019une chapka. \u201cOn perd la chaleur par le cr\u00e2ne, alors je ferme tout\u201d, ajoute-t-il.<\/p>\n<p>Tous deux refusent l\u2019alcool, car \u201cil engourdit et tu sais plus si tu as froid et tu peux y passer pendant la nuit\u201d.<\/p>\n<p>Trajectoires de rupture<\/p>\n<p>Danish est arriv\u00e9 du Pakistan il y a trente ans avec son p\u00e8re. Apr\u00e8s des ann\u00e9es en salle dans un restaurant de Cr\u00e9teil, un conflit avec son patron qui le logeait l\u2019a mis \u00e0 la rue il y a trois mois . \u201cLa honte est parfois lourde. Je ne veux pas que ma famille me voie dans cet \u00e9tat\u201d, confie-t-il.<\/p>\n<p>Sylvain, originaire de Drancy, a lui bascul\u00e9 apr\u00e8s une s\u00e9paration. Lorsqu\u2019il parle de ses trois enfants, il cite les \u00e2ges qu\u2019ils avaient \u00e0 son d\u00e9part, il y a trois ans : 8, 12 et 16 ans . \u201cJe sais qu\u2019ils ont 11, 15 et 19 ans aujourd\u2019hui, mais je n\u2019arrive pas \u00e0 les voir autrement. Le temps s\u2019est arr\u00eat\u00e9 le jour o\u00f9 j\u2019ai d\u00fb partir\u201d, explique-t-il.<\/p>\n<p>Il leur dissimule sa situation lors de ses appels hebdomadaires: \u201cJe leur dis que je loge chez un ami, je ne veux pas qu\u2019ils soient traumatis\u00e9s ou qu\u2019ils s\u2019inqui\u00e8tent\u201d.<\/p>\n<p>Usure des corps<\/p>\n<p>La rue marque les corps brutalement. Dimanche soir, Sylvain s\u2019est lui-m\u00eame extrait deux incisives avec un mouchoir pour stopper une rage de dent \u201cqui rend fou parce que tu ne peux plus manger ni dormir\u201d.<\/p>\n<p>Il montre ses gencives sans \u00e9motion : \u201c\u00c7a lan\u00e7ait trop jusque dans le cr\u00e2ne. J\u2019ai tir\u00e9 un bon coup dessus et maintenant c\u2019est fini, il n\u2019y a plus de douleur\u201d.<\/p>\n<p>La confiance entre voisins de trottoir est rare. Danish se souvient du vol de son duvet le mois dernier. \u201cIl y en a qui r\u00e9cup\u00e8rent les dons pour les revendre. C\u2019est la mis\u00e8re qui profite de la mis\u00e8re\u201d, regrette-t-il.<\/p>\n<p>L\u2019hiver dernier, Sylvain a connu une situation identique.<\/p>\n<p>\u201cQuand on te vole ton duvet en plein froid, c\u2019est la cata. Tu n\u2019as pas d\u2019autre choix que de monter dans le Noctilien (le bus de nuit, NDLR) et d\u2019attendre le jour en faisant le tour de Paris\u201d, raconte-t-il .<\/p>\n<p>Vers minuit, les deux amis se mettent en marche avec leurs sacs, direction la gare de Lyon pour charger leurs t\u00e9l\u00e9phones et s\u2019installer \u00e0 leurs places, abrit\u00e9es du vent.<\/p>\n<p>\u201cOn somnole d\u2019un \u0153il mais on garde l\u2019autre sur les affaires\u201d. \u00c0 l\u2019aube, \u201cla s\u00e9curit\u00e9 nous fait d\u00e9gager et tout le man\u00e8ge recommence\u201d, conclut Sylvain.<\/p>\n<p>Lire aussi :<\/p>\n<\/p><\/p>\n","protected":false},"excerpt":{"rendered":"Leur parcours est cal\u00e9 sur les rotations de ce qu\u2019ils appellent les \u201corganisations de solidarit\u00e9\u201d. Pour eux, la&hellip;\n","protected":false},"author":2,"featured_media":633681,"comment_status":"","ping_status":"","sticky":false,"template":"","format":"standard","meta":{"footnotes":""},"categories":[1888],"tags":[11,14772,17445,1777,674,1011,27,2487,12,626,25,3400],"class_list":{"0":"post-633680","1":"post","2":"type-post","3":"status-publish","4":"format-standard","5":"has-post-thumbnail","7":"category-paris","8":"tag-actualites","9":"tag-creteil","10":"tag-drancy","11":"tag-eu","12":"tag-europe","13":"tag-fr","14":"tag-france","15":"tag-meteo","16":"tag-news","17":"tag-paris","18":"tag-republique-francaise","19":"tag-solidarite"},"share_on_mastodon":{"url":"https:\/\/pubeurope.com\/@fr\/115818501455693605","error":""},"_links":{"self":[{"href":"https:\/\/www.europesays.com\/fr\/wp-json\/wp\/v2\/posts\/633680","targetHints":{"allow":["GET"]}}],"collection":[{"href":"https:\/\/www.europesays.com\/fr\/wp-json\/wp\/v2\/posts"}],"about":[{"href":"https:\/\/www.europesays.com\/fr\/wp-json\/wp\/v2\/types\/post"}],"author":[{"embeddable":true,"href":"https:\/\/www.europesays.com\/fr\/wp-json\/wp\/v2\/users\/2"}],"replies":[{"embeddable":true,"href":"https:\/\/www.europesays.com\/fr\/wp-json\/wp\/v2\/comments?post=633680"}],"version-history":[{"count":0,"href":"https:\/\/www.europesays.com\/fr\/wp-json\/wp\/v2\/posts\/633680\/revisions"}],"wp:featuredmedia":[{"embeddable":true,"href":"https:\/\/www.europesays.com\/fr\/wp-json\/wp\/v2\/media\/633681"}],"wp:attachment":[{"href":"https:\/\/www.europesays.com\/fr\/wp-json\/wp\/v2\/media?parent=633680"}],"wp:term":[{"taxonomy":"category","embeddable":true,"href":"https:\/\/www.europesays.com\/fr\/wp-json\/wp\/v2\/categories?post=633680"},{"taxonomy":"post_tag","embeddable":true,"href":"https:\/\/www.europesays.com\/fr\/wp-json\/wp\/v2\/tags?post=633680"}],"curies":[{"name":"wp","href":"https:\/\/api.w.org\/{rel}","templated":true}]}}