{"id":633684,"date":"2026-01-01T06:48:21","date_gmt":"2026-01-01T06:48:21","guid":{"rendered":"https:\/\/www.europesays.com\/fr\/633684\/"},"modified":"2026-01-01T06:48:21","modified_gmt":"2026-01-01T06:48:21","slug":"aujourdhui-dans-24h-pujadas-russie-poutine-soffre-un-nouveau-palais-en-crimee","status":"publish","type":"post","link":"https:\/\/www.europesays.com\/fr\/633684\/","title":{"rendered":"Aujourd&rsquo;hui dans 24H Pujadas : Russie &#8211; Poutine s\u2019offre un nouveau palais en Crim\u00e9e"},"content":{"rendered":"<ul class=\"jsx-862013697 ArticleChapo__List\">\n<li class=\"jsx-862013697 ArticleChapo__List_Item flex\">REPLAY 24H : Au sommaire du mercredi 31 d\u00e9cembre 2025 : Russie &#8211; Poutine s\u2019offre un nouveau palais en Crim\u00e9e. Ukraine &#8211; Attaque\/Poutine : le Kremlin fournit ses \u201cpreuves\u201d. France &#8211; Avantages des ex-ministres : demain, c\u2019est fini !<\/li>\n<\/ul>\n<p data-module=\"article-paragraph\" class=\"jsx-157965717 Paragraph\"><strong>Le Club :\u00a0<\/strong><\/p>\n<p data-module=\"article-paragraph\" class=\"jsx-157965717 Paragraph\">Jean-Claude Beaujour &#8211; Avocat, pr\u00e9sident du Forum Transatlantique<\/p>\n<p data-module=\"article-paragraph\" class=\"jsx-157965717 Paragraph\">Isabelle Lasserre &#8211; Journaliste sp\u00e9cialiste des questions diplomatiques pour Le Figaro<\/p>\n<p data-module=\"article-paragraph\" class=\"jsx-157965717 Paragraph\">Elizabeth Sheppard-Sellam &#8211; Ma\u00eetresse de Conf\u00e9rences et Directrice du Programme Politiques et Relations Internationales \u00e0 l&rsquo;Universit\u00e9 de Tours, sp\u00e9cialis\u00e9e en politiques de d\u00e9fense et s\u00e9curit\u00e9<\/p>\n<p data-module=\"article-paragraph\" class=\"jsx-157965717 Paragraph\">Vincent Crouzet &#8211; Ancien agent de la DGSE, auteur de \u201cComment vivre dans un monde en guerre\u201d (ed. La Martini\u00e8re Jeunesse)<\/p>\n<p data-module=\"article-paragraph\" class=\"jsx-157965717 Paragraph\">Arlette Chabot &#8211; Editorialiste politique<\/p>\n<p data-module=\"article-paragraph\" class=\"jsx-157965717 Paragraph\">St\u00e9phane Manigold &#8211; Pr\u00e9sident du groupe Eclore<\/p>\n<p data-module=\"article-paragraph\" class=\"jsx-157965717 Paragraph\">Nicolas Bouzou &#8211; \u00c9conomiste et essayiste<\/p>\n<p data-module=\"article-paragraph\" class=\"jsx-157965717 Paragraph\">Isabelle Lasserre &#8211; Journaliste sp\u00e9cialiste des questions diplomatiques pour Le Figaro<\/p>\n<p data-module=\"article-paragraph\" class=\"jsx-157965717 Paragraph\">Damien Fleurot &#8211; Directeur adjoint du service politique TF1\/LCI<\/p>\n<p data-module=\"article-paragraph\" class=\"jsx-157965717 Paragraph Paragraph__End\">Sylvie Bermann &#8211; Ancienne ambassadrice de France en Russie<\/p>\n<p>Quentin ROUSSEL<\/p>\n","protected":false},"excerpt":{"rendered":"REPLAY 24H : Au sommaire du mercredi 31 d\u00e9cembre 2025 : Russie &#8211; Poutine s\u2019offre un nouveau palais&hellip;\n","protected":false},"author":2,"featured_media":13041,"comment_status":"","ping_status":"","sticky":false,"template":"","format":"standard","meta":{"footnotes":""},"categories":[1591],"tags":[1111,5926,11,5925,1887,1922,14,12,4144,1885,1886,132],"class_list":{"0":"post-633684","1":"post","2":"type-post","3":"status-publish","4":"format-standard","5":"has-post-thumbnail","7":"category-russie","8":"tag-actu","9":"tag-actualite-international","10":"tag-actualites","11":"tag-conflits-et-guerre","12":"tag-federation-de-russie","13":"tag-info","14":"tag-international","15":"tag-news","16":"tag-politique-du-gouvernement","17":"tag-russia","18":"tag-russian-federation","19":"tag-russie"},"share_on_mastodon":{"url":"https:\/\/pubeurope.com\/@fr\/115818509340086553","error":""},"_links":{"self":[{"href":"https:\/\/www.europesays.com\/fr\/wp-json\/wp\/v2\/posts\/633684","targetHints":{"allow":["GET"]}}],"collection":[{"href":"https:\/\/www.europesays.com\/fr\/wp-json\/wp\/v2\/posts"}],"about":[{"href":"https:\/\/www.europesays.com\/fr\/wp-json\/wp\/v2\/types\/post"}],"author":[{"embeddable":true,"href":"https:\/\/www.europesays.com\/fr\/wp-json\/wp\/v2\/users\/2"}],"replies":[{"embeddable":true,"href":"https:\/\/www.europesays.com\/fr\/wp-json\/wp\/v2\/comments?post=633684"}],"version-history":[{"count":0,"href":"https:\/\/www.europesays.com\/fr\/wp-json\/wp\/v2\/posts\/633684\/revisions"}],"wp:featuredmedia":[{"embeddable":true,"href":"https:\/\/www.europesays.com\/fr\/wp-json\/wp\/v2\/media\/13041"}],"wp:attachment":[{"href":"https:\/\/www.europesays.com\/fr\/wp-json\/wp\/v2\/media?parent=633684"}],"wp:term":[{"taxonomy":"category","embeddable":true,"href":"https:\/\/www.europesays.com\/fr\/wp-json\/wp\/v2\/categories?post=633684"},{"taxonomy":"post_tag","embeddable":true,"href":"https:\/\/www.europesays.com\/fr\/wp-json\/wp\/v2\/tags?post=633684"}],"curies":[{"name":"wp","href":"https:\/\/api.w.org\/{rel}","templated":true}]}}