{"id":633685,"date":"2026-01-01T06:49:13","date_gmt":"2026-01-01T06:49:13","guid":{"rendered":"https:\/\/www.europesays.com\/fr\/633685\/"},"modified":"2026-01-01T06:49:13","modified_gmt":"2026-01-01T06:49:13","slug":"les-predictions-des-chamans-peruviens-pour-2026","status":"publish","type":"post","link":"https:\/\/www.europesays.com\/fr\/633685\/","title":{"rendered":"les pr\u00e9dictions des chamans p\u00e9ruviens pour 2026"},"content":{"rendered":"<p class=\"article-p mdl\">Chaque ann\u00e9e, avant le Nouvel an, des chamans p\u00e9ruviens se r\u00e9unissent pour \u00e9noncer leurs pr\u00e9dictions pour l&rsquo;ann\u00e9e \u00e0 venir. Ces individus qui se disent capable de communiquer avec les esprits ont fait des \u00ab\u00a0r\u00e9v\u00e9lations\u00a0\u00bb concernant\u00a0<a class=\"link\" href=\"https:\/\/www.rtl.fr\/actu\/debats-societe\/donald-trump-a-la-maison-blanche-mort-du-pape-francois-nicolas-sarkozy-en-prison-les-16-photos-qui-ont-marque-l-actualite-en-2025-7900582696\" title=\"Donald Trump \u00e0 la Maison-Blanche, mort du pape Fran\u00e7ois, Nicolas Sarkozy en prison... Les 16 photos qui ont marqu\u00e9 l&#039;actualit\u00e9 en 2025\" target=\"_blank\" rel=\"noopener\">Donald Trump<\/a>, Nicolas Maduro et la guerre en Ukraine, lundi 29 d\u00e9cembre. Sur la colline San Cristobal, \u00e0 Lima, ils ont alert\u00e9 sur de probables catastrophes naturelles \u00e0 venir durant l&rsquo;ann\u00e9e 2026 comme des s\u00e9ismes.\u00a0<\/p>\n<p class=\"article-p mdl\">Au milieu de danses traditionnelles, de musiques et d&rsquo;offrandes, les chamans, tenant en main les portraits de plusieurs dirigeants internationaux, dont ceux du pr\u00e9sident am\u00e9ricain, du pr\u00e9sident russe et du pr\u00e9sident v\u00e9n\u00e9zu\u00e9lien, ont pr\u00e9dit\u00a0<a class=\"link\" href=\"https:\/\/www.rtl.fr\/actu\/international\/je-ne-me-suis-jamais-senti-aussi-bien-de-ma-vie-donald-trump-prend-la-parole-pour-mettre-fin-a-la-rumeur-de-sa-mort-7900536038\" title=\"&quot;Je ne me suis jamais senti aussi bien de ma vie&quot; : Donald Trump prend la parole pour mettre fin \u00e0 la rumeur de sa mort\" target=\"_blank\" rel=\"noopener\">une maladie pour le locataire de la Maison-Blanche<\/a>. \u00ab\u00a0Les \u00c9tats-Unis doivent se pr\u00e9parer, car <strong>Donald Trump va tomber gravement malade<\/strong>\u00ab\u00a0, a assur\u00e9 l&rsquo;un d&rsquo;entre eux.\u00a0<\/p>\n<p class=\"article-p mdl\">Du c\u00f4t\u00e9 du Venezuela, dont les tensions ne cessent d&rsquo;augmenter avec Washington, le pr\u00e9sident Nicolas Maduro serait \u00ab\u00a0vaincu\u00a0\u00bb. \u00ab\u00a0[Il] fuira le Venezuela. Il ne sera pas captur\u00e9\u00a0\u00bb, ont-ils d\u00e9clar\u00e9. Les chamans ont aussi pr\u00e9dit la fin de la guerre en Ukraine, ils l&rsquo;avaient d\u00e9j\u00e0 pr\u00e9dit en 2023, souligne\u00a0<a class=\"link\" href=\"https:\/\/www.lefigaro.fr\/international\/donald-trump-gravement-malade-nicolas-maduro-pousse-a-l-exil-les-chamans-peruviens-livrent-leurs-previsions-pour-2026-20251230\" target=\"_blank\" rel=\"noopener\">Le Figaro<\/a>. \u00ab\u00a0Je vois que le conflit prendra fin,<strong> ils hisseront le drapeau de la paix<\/strong>\u00ab\u00a0, ont-ils annonc\u00e9. Il est essentiel de rappeler que nombreuses de leurs pr\u00e9c\u00e9dentes pr\u00e9dictions ne se sont pas toujours r\u00e9v\u00e9l\u00e9es exactes.\u00a0<\/p>\n<p class=\"article-p mdl\">Fin 2023, ils avaient aussi pr\u00e9dit la fin de la guerre entre Isra\u00ebl et la Palestine, mi-2024, en vain. Un cessez-le-feu est entr\u00e9 en vigueur, le 10 octobre dernier. Ils avaient toutefois pr\u00e9dit une d\u00e9terioration de la sant\u00e9 de l&rsquo;ancien chef d&rsquo;<\/p>\n<p>\u00c9tat p\u00e9ruvien, Alberto Fujimori, condamn\u00e9 pour crime contre l&rsquo;humanit\u00e9. L&rsquo;homme politique est d\u00e9c\u00e9d\u00e9 en septembre 2024.\u00a0<\/p>\n<p>    La r\u00e9daction vous recommande<\/p>\n<p class=\"s-newsletter__title\">\n                L\u2019actualit\u00e9 par la r\u00e9daction de RTL dans votre bo\u00eete mail.\n            <\/p>\n<p class=\"s-newsletter__subtitle\">\n                Gr\u00e2ce \u00e0 votre compte RTL abonnez-vous \u00e0 la newsletter RTL info pour suivre toute l&rsquo;actualit\u00e9 au quotidien\n            <\/p>\n<p>\n                                    Lire la suite\n                                <\/p>\n","protected":false},"excerpt":{"rendered":"Chaque ann\u00e9e, avant le Nouvel an, des chamans p\u00e9ruviens se r\u00e9unissent pour \u00e9noncer leurs pr\u00e9dictions pour l&rsquo;ann\u00e9e \u00e0&hellip;\n","protected":false},"author":2,"featured_media":633686,"comment_status":"","ping_status":"","sticky":false,"template":"","format":"standard","meta":{"footnotes":""},"categories":[1590],"tags":[11,75,1777,674,107,131,12,338,39117,10227,7917,220],"class_list":{"0":"post-633685","1":"post","2":"type-post","3":"status-publish","4":"format-standard","5":"has-post-thumbnail","7":"category-ukraine","8":"tag-actualites","9":"tag-donald-trump","10":"tag-eu","11":"tag-europe","12":"tag-fil-info","13":"tag-guerre-en-ukraine","14":"tag-news","15":"tag-nicolas-maduro","16":"tag-nouvel-an","17":"tag-perou","18":"tag-previsions","19":"tag-ukraine"},"share_on_mastodon":{"url":"https:\/\/pubeurope.com\/@fr\/115818513517844591","error":""},"_links":{"self":[{"href":"https:\/\/www.europesays.com\/fr\/wp-json\/wp\/v2\/posts\/633685","targetHints":{"allow":["GET"]}}],"collection":[{"href":"https:\/\/www.europesays.com\/fr\/wp-json\/wp\/v2\/posts"}],"about":[{"href":"https:\/\/www.europesays.com\/fr\/wp-json\/wp\/v2\/types\/post"}],"author":[{"embeddable":true,"href":"https:\/\/www.europesays.com\/fr\/wp-json\/wp\/v2\/users\/2"}],"replies":[{"embeddable":true,"href":"https:\/\/www.europesays.com\/fr\/wp-json\/wp\/v2\/comments?post=633685"}],"version-history":[{"count":0,"href":"https:\/\/www.europesays.com\/fr\/wp-json\/wp\/v2\/posts\/633685\/revisions"}],"wp:featuredmedia":[{"embeddable":true,"href":"https:\/\/www.europesays.com\/fr\/wp-json\/wp\/v2\/media\/633686"}],"wp:attachment":[{"href":"https:\/\/www.europesays.com\/fr\/wp-json\/wp\/v2\/media?parent=633685"}],"wp:term":[{"taxonomy":"category","embeddable":true,"href":"https:\/\/www.europesays.com\/fr\/wp-json\/wp\/v2\/categories?post=633685"},{"taxonomy":"post_tag","embeddable":true,"href":"https:\/\/www.europesays.com\/fr\/wp-json\/wp\/v2\/tags?post=633685"}],"curies":[{"name":"wp","href":"https:\/\/api.w.org\/{rel}","templated":true}]}}