{"id":633691,"date":"2026-01-01T06:52:34","date_gmt":"2026-01-01T06:52:34","guid":{"rendered":"https:\/\/www.europesays.com\/fr\/633691\/"},"modified":"2026-01-01T06:52:34","modified_gmt":"2026-01-01T06:52:34","slug":"ce-que-lon-sait-sur-le-braquage-de-banque-spectaculaire-survenu-a-gelsenkirchen","status":"publish","type":"post","link":"https:\/\/www.europesays.com\/fr\/633691\/","title":{"rendered":"Ce que l\u2019on sait sur le braquage de banque spectaculaire survenu \u00e0 Gelsenkirchen"},"content":{"rendered":"<p>Trente millions d\u2019euros envol\u00e9s, des clients en col\u00e8re et des policiers d\u00e9rout\u00e9s\u2026 En <a href=\"https:\/\/www.20minutes.fr\/dossier\/allemagne\" class=\"c-link c-link--is-underlined\" target=\"_blank\" rel=\"noopener\">Allemagne<\/a>, un braquage de banque \u00e0 Gelsenkirchen, dans l\u2019ouest du pays, fait la une. Les suspects se sont attaqu\u00e9s \u00e0 la succursale de la caisse d\u2019\u00e9pargne locale.<\/p>\n<p>20 Minutes fait le point sur ce que l\u2019on sait de ce <a href=\"https:\/\/www.20minutes.fr\/monde\/4193743-20251230-perceuse-geante-coffres-forts-allemagne-30-millions-euros-voles-braquage-spectaculaire-banque\" class=\"c-link c-link--is-underlined\" target=\"_blank\" rel=\"noopener\">cambriolage spectaculaire<\/a>.<\/p>\n<p>3.000 coffres vid\u00e9s<\/p>\n<p>Le pr\u00e9judice du braquage est estim\u00e9 \u00e0 plus de 30\u00a0millions d\u2019euros, selon les autorit\u00e9s. En effet, la chambre forte de la banque cambriol\u00e9e contient environ 3.300 coffres lou\u00e9s \u00e0 2.700 clients, selon le m\u00e9dia allemand <a href=\"https:\/\/www.bild.de\/regional\/nordrhein-westfalen\/massenansturm-auf-sparkasse-kunden-bangen-um-geld-gold-und-schmuck-69537af24a45863a679f3eaa\" rel=\"nofollow noopener\" target=\"_blank\" class=\"c-link c-link--is-underlined\">Bild<\/a>. Chaque coffre \u00e9tant assur\u00e9 autour de 10.300 euros, les dommages sont ainsi estim\u00e9s \u00e0 plus de 30\u00a0millions d\u2019euros.<\/p>\n<p>Ces derniers contenaient de l\u2019argent, des bijoux ou encore de l\u2019or. Au total, plus de 95\u00a0% des coffres ont \u00e9t\u00e9 pill\u00e9s.<\/p>\n<p>Une perceuse g\u00e9ante<\/p>\n<p>Selon les premiers \u00e9l\u00e9ments rapport\u00e9s par les enqu\u00eateurs, les voleurs ont for\u00e9 un trou dans la salle des coffres, au sous-sol, \u00e0 l\u2019aide d\u2019une perceuse g\u00e9ante. \u00ab\u00a0Des individus non identifi\u00e9s ont acc\u00e9d\u00e9 au b\u00e2timent par un parking souterrain\u00a0\u00bb, d\u00e9taille le <a href=\"https:\/\/www.spiegel.de\/panorama\/justiz\/gelsenkirchen-sparkasse-soll-nach-einbruch-in-tresorraum-wieder-oeffnen-a-3387636d-2b60-4707-a4cb-31689e35cb7f\" rel=\"nofollow noopener\" target=\"_blank\" class=\"c-link c-link--is-underlined\">Spiegel.<\/a> Ces derniers auraient ensuite franchi plusieurs portes pour atteindre une salle d\u2019archives. C\u2019est depuis cette salle qu\u2019ils ont perc\u00e9 une ouverture dans le mur afin d\u2019acc\u00e9der \u00e0 la chambre forte \u00e0 l\u2019aide d\u2019un \u00ab\u00a0foret sp\u00e9cial\u00a0\u00bb.<\/p>\n<p>\u00ab\u00a0On ne trouve pas ce genre de perceuse dans une quincaillerie\u00a0\u00bb, a pr\u00e9cis\u00e9 un porte-parole de la police, cit\u00e9 par le <a href=\"https:\/\/www.faz.net\/aktuell\/gesellschaft\/kriminalitaet\/einbruch-in-sparkasse-in-gelsenkirchen-kunden-in-aufregung-200394650.html\" rel=\"nofollow noopener\" target=\"_blank\" class=\"c-link c-link--is-underlined\">Frankfurter Allgemeine Zeitung<\/a>. Une m\u00e9thode digne d\u2019un film. \u00ab\u00a0Tout s\u2019est d\u00e9roul\u00e9 de mani\u00e8re tr\u00e8s professionnelle\u00a0\u00bb, ajoutait une source polici\u00e8re.<\/p>\n<p>La date encore incertaine<\/p>\n<p>Le braquage a \u00e9t\u00e9 d\u00e9couvert lundi, gr\u00e2ce \u00e0 une alerte incendie re\u00e7ue par les pompiers. \u00ab\u00a0Les pompiers et les policiers, qui fouillaient le b\u00e2timent \u00e0 la recherche de preuves d\u2019incendie, ont constat\u00e9 des traces d\u2019effraction au sous-sol\u00a0\u00bb, rapporte le Spiegel.<\/p>\n<p>Si la date pr\u00e9cise est encore incertaine, les braqueurs ont \u00ab\u00a0profit\u00e9 du calme de No\u00ebl\u00a0\u00bb, estiment les policiers, la banque \u00e9tant ferm\u00e9e \u00e0 cette p\u00e9riode. Le casse aurait donc pu survenir le week-end du 27 et 28\u00a0d\u00e9cembre.<\/p>\n<p>Les suspects ne sont pas encore identifi\u00e9s<\/p>\n<p>Les suspects n\u2019ont pas encore \u00e9t\u00e9 identifi\u00e9s. Mais, selon la police, des t\u00e9moins auraient aper\u00e7u plusieurs hommes dans la nuit de samedi \u00e0 dimanche, munis de grands sacs dans la cage d\u2019escalier d\u2019un parking adjacent.<\/p>\n<p>Une Audi noire \u00e0 la plaque d\u2019immatriculation vol\u00e9e, conduite par des hommes masqu\u00e9s, a quitt\u00e9 ce m\u00eame parking lundi au petit matin, d\u2019apr\u00e8s les vid\u00e9os de surveillance exploit\u00e9es par la police.<\/p>\n<p>Des tensions \u00e0 la banque<\/p>\n<p>\u00ab\u00a0Nous sommes sous le choc\u00a0\u00bb, a d\u00e9clar\u00e9 le porte-parole de la \u00ab\u00a0Sparkasse Gelsenkirchen\u00a0\u00bb, Frank Krallmann, dans un communiqu\u00e9. La banque est rest\u00e9e ferm\u00e9e mardi \u00ab\u00a0pour des raisons de s\u00e9curit\u00e9\u00a0\u00bb selon la police. En effet, plusieurs dizaines de clients, inquiets pour leurs biens, se sont rassembl\u00e9es devant l\u2019\u00e9tablissement et ont prof\u00e9r\u00e9 des \u00ab\u00a0menaces\u00a0\u00bb contre les employ\u00e9s. La situation s\u2019est ensuite calm\u00e9e dans l\u2019apr\u00e8s-midi, m\u00eame si la pr\u00e9sence polici\u00e8re a \u00e9t\u00e9 maintenue.<\/p>\n<p>Une ligne t\u00e9l\u00e9phonique d\u2019urgence a \u00e9t\u00e9 mise en place tandis que la banque a dit examiner avec son assurance l\u2019issue \u00ab\u00a0la plus favorable pour les clients\u00a0\u00bb. \u00ab\u00a0Contacter nos clients est notre priorit\u00e9 absolue. Nous contacterons tous les d\u00e9tenteurs de coffres-forts\u00a0\u00bb, a assur\u00e9 le porte-parole, Andr\u00e9 Szymczak, cit\u00e9 par Bild.<\/p>\n","protected":false},"excerpt":{"rendered":"Trente millions d\u2019euros envol\u00e9s, des clients en col\u00e8re et des policiers d\u00e9rout\u00e9s\u2026 En Allemagne, un braquage de banque&hellip;\n","protected":false},"author":2,"featured_media":633692,"comment_status":"","ping_status":"","sticky":false,"template":"","format":"standard","meta":{"footnotes":""},"categories":[1587],"tags":[47,11,672,523,6941,39246,1804,1174,1805,1803,1777,674,1801,74,12,15830,1802,10912],"class_list":{"0":"post-633691","1":"post","2":"type-post","3":"status-publish","4":"format-standard","5":"has-post-thumbnail","7":"category-allemagne","8":"tag-actualite","9":"tag-actualites","10":"tag-allemagne","11":"tag-banque","12":"tag-braquage","13":"tag-braqueur","14":"tag-bundesrepublik-deutschland","15":"tag-cambriolage","16":"tag-de","17":"tag-deutschland","18":"tag-eu","19":"tag-europe","20":"tag-germany","21":"tag-monde","22":"tag-news","23":"tag-noel","24":"tag-republique-federale-dallemagne","25":"tag-voleur"},"share_on_mastodon":{"url":"https:\/\/pubeurope.com\/@fr\/115818525759565438","error":""},"_links":{"self":[{"href":"https:\/\/www.europesays.com\/fr\/wp-json\/wp\/v2\/posts\/633691","targetHints":{"allow":["GET"]}}],"collection":[{"href":"https:\/\/www.europesays.com\/fr\/wp-json\/wp\/v2\/posts"}],"about":[{"href":"https:\/\/www.europesays.com\/fr\/wp-json\/wp\/v2\/types\/post"}],"author":[{"embeddable":true,"href":"https:\/\/www.europesays.com\/fr\/wp-json\/wp\/v2\/users\/2"}],"replies":[{"embeddable":true,"href":"https:\/\/www.europesays.com\/fr\/wp-json\/wp\/v2\/comments?post=633691"}],"version-history":[{"count":0,"href":"https:\/\/www.europesays.com\/fr\/wp-json\/wp\/v2\/posts\/633691\/revisions"}],"wp:featuredmedia":[{"embeddable":true,"href":"https:\/\/www.europesays.com\/fr\/wp-json\/wp\/v2\/media\/633692"}],"wp:attachment":[{"href":"https:\/\/www.europesays.com\/fr\/wp-json\/wp\/v2\/media?parent=633691"}],"wp:term":[{"taxonomy":"category","embeddable":true,"href":"https:\/\/www.europesays.com\/fr\/wp-json\/wp\/v2\/categories?post=633691"},{"taxonomy":"post_tag","embeddable":true,"href":"https:\/\/www.europesays.com\/fr\/wp-json\/wp\/v2\/tags?post=633691"}],"curies":[{"name":"wp","href":"https:\/\/api.w.org\/{rel}","templated":true}]}}