{"id":633695,"date":"2026-01-01T06:54:17","date_gmt":"2026-01-01T06:54:17","guid":{"rendered":"https:\/\/www.europesays.com\/fr\/633695\/"},"modified":"2026-01-01T06:54:17","modified_gmt":"2026-01-01T06:54:17","slug":"des-seniors-conquis-par-lhabitat-partage-delodie","status":"publish","type":"post","link":"https:\/\/www.europesays.com\/fr\/633695\/","title":{"rendered":"des seniors conquis par l\u2019habitat partag\u00e9 d\u2019\u00c9lodie"},"content":{"rendered":"<p>L\u2019appartement d\u2019\u00c9lodie, situ\u00e9 3 rue de la R\u00e9publique, est une alternative \u00e0 la maison de retraite. Ce logement partag\u00e9 pour seniors fait partie du r\u00e9seau Maison Margueritte, d\u00e9j\u00e0 pr\u00e9sent en milieu rural. \u00c9lodie Sarazin a eu envie d\u2019amener ce concept en plein centre-ville de Saint-\u00c9tienne, dans un bel immeuble bourgeois dont elle a fait am\u00e9nager neuf chambres dans les 312 m2.<\/p>\n<p>\u00ab\u00a0Ce mode d\u2019h\u00e9bergement partag\u00e9 et accompagn\u00e9 permet aux personnes \u00e2g\u00e9es d\u2019\u00e9viter la solitude tout en gardant une autonomie le plus longtemps possible. C\u2019est une r\u00e9ponse au d\u00e9sir de vivre dans un lieu de vie agr\u00e9able o\u00f9 chacun a une place active \u00e0 la mesure de ses capacit\u00e9s\u00a0\u00bb, r\u00e9sume \u00c9lodie Sarazin.<\/p>\n<p>Apr\u00e8s un essai d\u2019un mois, une centenaire va emm\u00e9nager en janvier<\/p>\n<p>La premi\u00e8re locataire est arriv\u00e9e deux mois et demi apr\u00e8s l\u2019ouverture de l\u2019appartement. Marie-Louise, centenaire, n\u2019a souhait\u00e9 rester qu\u2019un mois. Ce sont ses filles qui l\u2019ont incit\u00e9e \u00e0 venir y passer le mois d\u2019ao\u00fbt, p\u00e9riode o\u00f9 toutes les deux&#8230;<\/p>\n","protected":false},"excerpt":{"rendered":"L\u2019appartement d\u2019\u00c9lodie, situ\u00e9 3 rue de la R\u00e9publique, est une alternative \u00e0 la maison de retraite. Ce logement&hellip;\n","protected":false},"author":2,"featured_media":633696,"comment_status":"","ping_status":"","sticky":false,"template":"","format":"standard","meta":{"footnotes":""},"categories":[1586],"tags":[11,4406,33,7539,1777,674,1779,1011,27,1908,12,25,4001,7538,104,1778,364],"class_list":{"0":"post-633695","1":"post","2":"type-post","3":"status-publish","4":"format-standard","5":"has-post-thumbnail","7":"category-europe","8":"tag-actualites","9":"tag-commerce-et-services","10":"tag-economie","11":"tag-edition-loire-sud","12":"tag-eu","13":"tag-europe","14":"tag-european-union","15":"tag-fr","16":"tag-france","17":"tag-logement","18":"tag-news","19":"tag-republique-francaise","20":"tag-saint-etienne","21":"tag-saint-etienne-ville","22":"tag-societe","23":"tag-ue","24":"tag-union-europeenne"},"share_on_mastodon":{"url":"https:\/\/pubeurope.com\/@fr\/115818533070030513","error":""},"_links":{"self":[{"href":"https:\/\/www.europesays.com\/fr\/wp-json\/wp\/v2\/posts\/633695","targetHints":{"allow":["GET"]}}],"collection":[{"href":"https:\/\/www.europesays.com\/fr\/wp-json\/wp\/v2\/posts"}],"about":[{"href":"https:\/\/www.europesays.com\/fr\/wp-json\/wp\/v2\/types\/post"}],"author":[{"embeddable":true,"href":"https:\/\/www.europesays.com\/fr\/wp-json\/wp\/v2\/users\/2"}],"replies":[{"embeddable":true,"href":"https:\/\/www.europesays.com\/fr\/wp-json\/wp\/v2\/comments?post=633695"}],"version-history":[{"count":0,"href":"https:\/\/www.europesays.com\/fr\/wp-json\/wp\/v2\/posts\/633695\/revisions"}],"wp:featuredmedia":[{"embeddable":true,"href":"https:\/\/www.europesays.com\/fr\/wp-json\/wp\/v2\/media\/633696"}],"wp:attachment":[{"href":"https:\/\/www.europesays.com\/fr\/wp-json\/wp\/v2\/media?parent=633695"}],"wp:term":[{"taxonomy":"category","embeddable":true,"href":"https:\/\/www.europesays.com\/fr\/wp-json\/wp\/v2\/categories?post=633695"},{"taxonomy":"post_tag","embeddable":true,"href":"https:\/\/www.europesays.com\/fr\/wp-json\/wp\/v2\/tags?post=633695"}],"curies":[{"name":"wp","href":"https:\/\/api.w.org\/{rel}","templated":true}]}}