{"id":633705,"date":"2026-01-01T07:05:16","date_gmt":"2026-01-01T07:05:16","guid":{"rendered":"https:\/\/www.europesays.com\/fr\/633705\/"},"modified":"2026-01-01T07:05:16","modified_gmt":"2026-01-01T07:05:16","slug":"cinq-randonnees-pour-le-prix-dune-avec-les-cyclotouristes-poitevins-dimanche-4-janvier-2026","status":"publish","type":"post","link":"https:\/\/www.europesays.com\/fr\/633705\/","title":{"rendered":"cinq randonn\u00e9es pour le prix d\u2019une avec les Cyclotouristes poitevins, dimanche 4 janvier 2026"},"content":{"rendered":"<p>Partenariat<\/p>\n<p>La randonn\u00e9e p\u00e9destre organis\u00e9e par les Cyclotouristes poitevins est de retour pour une 28e\u00a0\u00e9dition, de 8\u00a0h \u00e0 13\u00a0h ce dimanche 4\u00a0janvier 2026. Comme chaque ann\u00e9e, l\u2019\u00e9v\u00e9nement se tient le premier dimanche du mois de janvier et rassemble plus de 2.000 marcheurs dans les rues de Poitiers.<\/p>\n<p>Le Palais, actuellement en chantier, est mis \u00e0 l\u2019honneur de cette \u00e9dition<\/p>\n<p><a target=\"_self\" href=\"https:\/\/www.lanouvellerepublique.fr\/poitiers\/poitiers-tout-savoir-sur-les-parcours-de-l-habituelle-randonnee-pedestre-qui-se-tient-dimanche-4-janvier-2026-1766767504\" rel=\"noopener\">Trois trac\u00e9s ont \u00e9t\u00e9 pens\u00e9s cette ann\u00e9e pour ravir les marcheurs plus ou moins aguerris.<\/a> De 8, 12 et 17\u00a0km, ils partiront tous du parc des expositions de Poitiers en direction de la descente de la c\u00f4te de Montbernage. Apr\u00e8s le passage au-dessus du Clain par la passerelle, le plus grand parcours se s\u00e9parera des deux plus petits. Mais les trois boucles finiront par se retrouver apr\u00e8s quelques centaines de m\u00e8tres au Palais des comtes de Poitiers. Le monument, actuellement en chantier de r\u00e9habilitation, sera travers\u00e9 dans le sens allant de la rue du march\u00e9 \u00e0 la place Lepetit. Il s\u2019agit ici de l\u2019un des temps fort de cette 28e\u00a0\u00e9dition. Le passage des deux plus grands parcours devant la Caserne de Pont-Achard r\u00e9habilit\u00e9e fera aussi \u00e9v\u00e9nement&#8230;. <\/p>\n<p>    Cet article a \u00e9t\u00e9 tronqu\u00e9. Abonnez-vous pour lire l&rsquo;article complet sur notre site.<\/p>\n<p style=\"margin: 0 !important; padding: 0 !important; font-size: 12px !important;\">Cet article a \u00e9t\u00e9 tronqu\u00e9. Abonnez-vous pour lire l&rsquo;article complet.<\/p>\n<p>    <a href=\"https:\/\/www.lanouvellerepublique.fr\/abonnements\" style=\"display: inline-block; margin-top: 5px !important; padding: 6px 12px !important; background: #cb1c27; color: white; text-decoration: none; border-radius: 4px; font-size: 12px !important;\" target=\"_blank\" rel=\"noopener\"><br \/>\n      S&rsquo;abonner<br \/>\n    <\/a><\/p>\n","protected":false},"excerpt":{"rendered":"Partenariat La randonn\u00e9e p\u00e9destre organis\u00e9e par les Cyclotouristes poitevins est de retour pour une 28e\u00a0\u00e9dition, de 8\u00a0h \u00e0&hellip;\n","protected":false},"author":2,"featured_media":633706,"comment_status":"","ping_status":"","sticky":false,"template":"","format":"standard","meta":{"footnotes":""},"categories":[1411],"tags":[1392,1154,207,1011,27,1393,4387,1653,74218,34640,60,1584],"class_list":{"0":"post-633705","1":"post","2":"type-post","3":"status-publish","4":"format-standard","5":"has-post-thumbnail","7":"category-cyclisme","8":"tag-a-la-une-local","9":"tag-cycling","10":"tag-cyclisme","11":"tag-fr","12":"tag-france","13":"tag-loisirs","14":"tag-loisirs-sportifs","15":"tag-poitiers","16":"tag-randonnees-a-velo","17":"tag-randonnees-pedestres","18":"tag-sports","19":"tag-vienne"},"share_on_mastodon":{"url":"https:\/\/pubeurope.com\/@fr\/115818576166462628","error":""},"_links":{"self":[{"href":"https:\/\/www.europesays.com\/fr\/wp-json\/wp\/v2\/posts\/633705","targetHints":{"allow":["GET"]}}],"collection":[{"href":"https:\/\/www.europesays.com\/fr\/wp-json\/wp\/v2\/posts"}],"about":[{"href":"https:\/\/www.europesays.com\/fr\/wp-json\/wp\/v2\/types\/post"}],"author":[{"embeddable":true,"href":"https:\/\/www.europesays.com\/fr\/wp-json\/wp\/v2\/users\/2"}],"replies":[{"embeddable":true,"href":"https:\/\/www.europesays.com\/fr\/wp-json\/wp\/v2\/comments?post=633705"}],"version-history":[{"count":0,"href":"https:\/\/www.europesays.com\/fr\/wp-json\/wp\/v2\/posts\/633705\/revisions"}],"wp:featuredmedia":[{"embeddable":true,"href":"https:\/\/www.europesays.com\/fr\/wp-json\/wp\/v2\/media\/633706"}],"wp:attachment":[{"href":"https:\/\/www.europesays.com\/fr\/wp-json\/wp\/v2\/media?parent=633705"}],"wp:term":[{"taxonomy":"category","embeddable":true,"href":"https:\/\/www.europesays.com\/fr\/wp-json\/wp\/v2\/categories?post=633705"},{"taxonomy":"post_tag","embeddable":true,"href":"https:\/\/www.europesays.com\/fr\/wp-json\/wp\/v2\/tags?post=633705"}],"curies":[{"name":"wp","href":"https:\/\/api.w.org\/{rel}","templated":true}]}}