{"id":633709,"date":"2026-01-01T07:07:11","date_gmt":"2026-01-01T07:07:11","guid":{"rendered":"https:\/\/www.europesays.com\/fr\/633709\/"},"modified":"2026-01-01T07:07:11","modified_gmt":"2026-01-01T07:07:11","slug":"catastrophe-pour-olivier-minne-lanimateur-seffondre-m6-oblige-dintervenir-melty","status":"publish","type":"post","link":"https:\/\/www.europesays.com\/fr\/633709\/","title":{"rendered":"Catastrophe pour Olivier Minne : l&#039;animateur s&#039;effondre, M6 oblig\u00e9 d&#039;intervenir &#8211; Melty"},"content":{"rendered":"<ol>\n<li><a href=\"https:\/\/news.google.com\/rss\/articles\/CBMitAFBVV95cUxQSk9rLWIwdXM5SWZYNXRyRTVaNF9wVGNCX0pzdkFXU3JzT2FzZDBuX3pZS3FVb05tMlJ6TjVFdXJ1RXI1c19yUjI0QkVHUFd5RlRBSE5xcHlEOVFEclYzWXdYbzZ6c2VSNGs4bUR1MHVGdU5Hc2VhZUNnTDJheTVfQWlmN19OdHN3ZU80QnJmRGJzTGotRFBsS3ZYQ0dRS211Ni1yZ00xc29VREV5RzVQZG5KLVg?oc=5\" target=\"_blank\" rel=\"noopener\">Catastrophe pour Olivier Minne : l&rsquo;animateur s&rsquo;effondre, M6 oblig\u00e9 d&rsquo;intervenir<\/a>&nbsp;&nbsp;Melty<\/li>\n<li><a href=\"https:\/\/news.google.com\/rss\/articles\/CBMirAJBVV95cUxQMnZQTGVxVm8yT1pPQzJCbVJGcFg5OHdaTXg1SUM0S3prdXFCc2dfR01JVVdVQmwyeVQwUWZTQ2p6SXJvVm85YzgyUDhVS0tVUlBQRDUyc3lQdnNhVFpNcEpONC1ubVQtYklZM25idjFJTExlT0czMWphUjJSWTR4SkhlNVhad0RmYW5qMjFLRGoyVVdzSC1vN2daa0dWdUNqUHQyaVl5dEoyZnBqNDRYczVTTHpDNVNZX0V2QXFhMS1jbFNRZXFZRFc3eVRiNXQ0ZHZraVM2Qk1BRjhvMm1DbXFuSjBIOUs4d3plSkdKcGY1aW5JWUtLOGkyYjJLQ2NZYVRfMTdDR3Btc3JnWEY5Ri1oOElPV3kyNmFCcjRuZDlJN042RTJoaHpiazE?oc=5\" target=\"_blank\" rel=\"noopener\">\u00ab\u00a0\u00c0 tr\u00e8s bient\u00f4t pour de nouvelles aventures\u00a0\u00bb : apr\u00e8s la version fran\u00e7aise, Olivier Minne a fait ses adieux \u00e0 \u00ab\u00a0Fort Boyard Belgique\u00a0\u00bb<\/a>&nbsp;&nbsp;parismatch.be<\/li>\n<li><a href=\"https:\/\/news.google.com\/rss\/articles\/CBMivwJBVV95cUxNU1VYWXdXSXhKX3lSOGF5dWFiTGhMaHUzSnVTcDZKeFlJUE8zQ3h3UENTVWhKOUFzOWVLTnQyZ3Z6RXRwMi1kZU9hcS1jbHdPTkJmT2Y4TmQ0MkNYMEYweHBSNWduOUF5T0V4T3k0cHhickJKTUk0dlBJdWdaeVR2Wnd2NVY1RWk1UXhpOVFMY3NDdmhNM2tTczQ2ZFI5U244OTh6VDZaTnJXR3k3M0Z2UnVCMzRqcjAyMnRsbmVDSEIwRDJ5Y2FBazJaZmUyZUpiTEhLOTNucXBjM19Eb0FCRVNRekNHLVQ4Nm1kUjhfTkpRWWdhcXg5WEVYX0RHMElxbUZKOC1rY3I4VVpmVE1ZWnFkVlAwQzNrUFd6S0VRSEt4RHY5OHM1aDg2eGgxa2VQWWxyVExkMVhpUWFadUM4?oc=5\" target=\"_blank\" rel=\"noopener\">\u00ab\u00a0Il y a des raisons pour lesquelles j&rsquo;ai pris cette d\u00e9cision\u00a0\u00bb : Olivier Minne, de France T\u00e9l\u00e9 \u00e0 M6, sur le mercato 2025 qui a secou\u00e9 le petit \u00e9cran<\/a>&nbsp;&nbsp;DHnet<\/li>\n<li><a href=\"https:\/\/news.google.com\/rss\/articles\/CBMi1wFBVV95cUxQUzBDMnhKeVBuSmVVWndVcU9GZ2RXbEt4eF9tUEc1Q0FRVEctdmV2WThFa1RZaEN0WDBXbDNmbnV4Y0RaLUFXNDI0RXpsbm1yQVdoaTk4dmI0LTl1dGRHenVuWjFkeXBRRlZyeVFUMTFleVZjOFo3cld6a1VYNUM4eUZRaHdlNDVMMkdhZXN0Q2JYOTl5YkNsYWpaMFFPaG5tYmdyamJtMU5ZeVRFTUcwYTdlWjg5LWpQSUVwZnlBNEp4Xy0yZWcwZDJqblZuTWg2ZF9fd3RHaw?oc=5\" target=\"_blank\" rel=\"noopener\">Les \u00ab\u00a0vrais\u00a0\u00bb adieux d\u2019Olivier Minne \u00e0 Fort Boyard n&rsquo;ont \u00e9t\u00e9 diffus\u00e9s que ce dimanche\u2026 Voici pourquoi<\/a>&nbsp;&nbsp;programme-tv.net<\/li>\n<li><a href=\"https:\/\/news.google.com\/rss\/articles\/CBMi5wFBVV95cUxNd0xxOVNsSGo5MGxUUnl5bU9acG5xZlgxY3hVMUlfRmhSUjdDMWJvTjBhZG1WU2lxYTROYTczSDdZM3hZa2lqbkUyalQ4bE1rT0tZdnhJY2tFVFhYYUJhOEY3dW9neFRKUk5GUVl5c3Y2Nl9QaHhLTnRxUFd5dnFDMHYxODZwOE1CeE5YLWlWYl9qZTFKajFZQ3AtYUd4cUVWMVRHRHZlMEU2MnUycHdZbXFWUXJWNXJiOUN6T3VqTHkwS3M4aHBkM0tCajAwdjhqdEhhQlk1aHd4OTRGbmNyUl92U0R4VUk?oc=5\" target=\"_blank\" rel=\"noopener\">Olivier Minne, sa vie en dehors de la t\u00e9l\u00e9 : l&rsquo;animateur a lanc\u00e9 un nouveau projet il y a quelques mois \u00e0 Paris<\/a>&nbsp;&nbsp;Purepeople<\/li>\n<\/ol>\n","protected":false},"excerpt":{"rendered":"Catastrophe pour Olivier Minne : l&rsquo;animateur s&rsquo;effondre, M6 oblig\u00e9 d&rsquo;intervenir&nbsp;&nbsp;Melty \u00ab\u00a0\u00c0 tr\u00e8s bient\u00f4t pour de nouvelles aventures\u00a0\u00bb :&hellip;\n","protected":false},"author":2,"featured_media":633710,"comment_status":"","ping_status":"","sticky":false,"template":"","format":"standard","meta":{"footnotes":""},"categories":[1359],"tags":[58,59,1011,27,494,973,65861],"class_list":{"0":"post-633709","1":"post","2":"type-post","3":"status-publish","4":"format-standard","5":"has-post-thumbnail","7":"category-people","8":"tag-divertissement","9":"tag-entertainment","10":"tag-fr","11":"tag-france","12":"tag-m6","13":"tag-people","14":"tag-trend"},"share_on_mastodon":{"url":"https:\/\/pubeurope.com\/@fr\/115818584129418272","error":""},"_links":{"self":[{"href":"https:\/\/www.europesays.com\/fr\/wp-json\/wp\/v2\/posts\/633709","targetHints":{"allow":["GET"]}}],"collection":[{"href":"https:\/\/www.europesays.com\/fr\/wp-json\/wp\/v2\/posts"}],"about":[{"href":"https:\/\/www.europesays.com\/fr\/wp-json\/wp\/v2\/types\/post"}],"author":[{"embeddable":true,"href":"https:\/\/www.europesays.com\/fr\/wp-json\/wp\/v2\/users\/2"}],"replies":[{"embeddable":true,"href":"https:\/\/www.europesays.com\/fr\/wp-json\/wp\/v2\/comments?post=633709"}],"version-history":[{"count":0,"href":"https:\/\/www.europesays.com\/fr\/wp-json\/wp\/v2\/posts\/633709\/revisions"}],"wp:featuredmedia":[{"embeddable":true,"href":"https:\/\/www.europesays.com\/fr\/wp-json\/wp\/v2\/media\/633710"}],"wp:attachment":[{"href":"https:\/\/www.europesays.com\/fr\/wp-json\/wp\/v2\/media?parent=633709"}],"wp:term":[{"taxonomy":"category","embeddable":true,"href":"https:\/\/www.europesays.com\/fr\/wp-json\/wp\/v2\/categories?post=633709"},{"taxonomy":"post_tag","embeddable":true,"href":"https:\/\/www.europesays.com\/fr\/wp-json\/wp\/v2\/tags?post=633709"}],"curies":[{"name":"wp","href":"https:\/\/api.w.org\/{rel}","templated":true}]}}