{"id":633714,"date":"2026-01-01T07:11:18","date_gmt":"2026-01-01T07:11:18","guid":{"rendered":"https:\/\/www.europesays.com\/fr\/633714\/"},"modified":"2026-01-01T07:11:18","modified_gmt":"2026-01-01T07:11:18","slug":"tim-lambesis-a-completement-foutu-en-lair-sa-seconde-chance","status":"publish","type":"post","link":"https:\/\/www.europesays.com\/fr\/633714\/","title":{"rendered":"\u201cTim Lambesis a compl\u00e8tement foutu en l\u2019air sa seconde chance\u201d"},"content":{"rendered":"<p><strong>Dans une interview r\u00e9cente, l\u2019ancien batteur d\u2019<a href=\"https:\/\/www.metalzone.fr\/as-i-lay-dying\/\" target=\"_blank\" rel=\"noopener\">As I Lay Dying<\/a>, Nick Pierce, revient sur son d\u00e9part du groupe en 2024, qu\u2019il impute directement \u00e0 Tim Lambesis.<\/strong><\/p>\n<p>Nick Pierce revient sur son d\u00e9part d\u2019As I Lay Dying<\/p>\n<p>Nick Pierce s\u2019est exprim\u00e9 dans une interview accord\u00e9e \u00e0 <a href=\"https:\/\/www.youtube.com\/watch?v=DC89awMhXqI\" target=\"_blank\" rel=\"noopener noreferrer\">Metal Drummers United<\/a>, \u00e9voquant des tensions internes li\u00e9es \u00e0 Tim Lambesis. Recrut\u00e9 en 2022 aux c\u00f4t\u00e9s de Ken Susi, il dit avoir rejoint le groupe avec l\u2019envie de relancer une dynamique positive :<\/p>\n<p>\u201cOn \u00e9tait enthousiastes. On savait que Tim avait un pass\u00e9, mais on pensait qu\u2019il avait chang\u00e9. On a voulu lui donner une seconde chance. Il l\u2019a compl\u00e8tement foutue en l\u2019air.\u201d<\/p>\n<p>Comme d\u2019autres musiciens recrut\u00e9s apr\u00e8s la premi\u00e8re implosion du groupe, Pierce a quitt\u00e9 la formation en octobre 2024, dans un contexte marqu\u00e9 par la diffusion de vid\u00e9os compromettantes mettant en cause Tim Lambesis et son ex-femme, Dany Ciara. Tandis que le chanteur a rejet\u00e9 les accusations et publi\u00e9 sa propre version des faits, Dany Ciara a livr\u00e9 fin d\u00e9cembre un t\u00e9moignage d\u00e9taill\u00e9 dans lequel elle \u00e9voque une relation abusive.<\/p>\n<p>\u201cOn s\u2019est fait avoir\u201d : un t\u00e9moignage amer<\/p>\n<p>Pierce affirme que les nouveaux membres ignoraient une grande partie de ce qui s\u2019\u00e9tait pass\u00e9 auparavant. \u201cOn est entr\u00e9s dans le groupe en aveugle. On voulait soutenir le projet et le <a href=\"https:\/\/www.metalzone.fr\/metalcore\/\" target=\"_blank\" rel=\"noopener\">metalcore<\/a>, mais on ne savait pas ce qui s\u2019\u00e9tait pass\u00e9 avec les anciens membres.\u201d L\u2019entente musicale \u00e9tait bien l\u00e0, affirme-t-il, mais l\u2019ambiance s\u2019est vite d\u00e9grad\u00e9e.<\/p>\n<p>\u201cC\u2019\u00e9tait une belle opportunit\u00e9, mais tout a d\u00e9rap\u00e9 \u00e0 cause de Tim. J\u2019ai appris que le groupe se s\u00e9parait le jour de mon anniversaire. On devait partir en tourn\u00e9e europ\u00e9enne deux semaines plus tard.\u201d<\/p>\n<p>\u00c0 propos de l\u2019effondrement du groupe, Pierce se montre d\u00e9sabus\u00e9 : \u201cJ\u2019ai fait confiance \u00e0 la mauvaise personne. Et comme moi, Ken, Ryan\u2026 on s\u2019est tous fait avoir.\u201d Il ajoute : \u201cJe lui souhaite de se faire aider. Mais il ne semble pas en avoir envie.\u201d<\/p>\n<p>Depuis la seconde implosion d\u2019As I Lay Dying, Tim Lambesis a reform\u00e9 le groupe avec de nouveaux musiciens. Deux titres ont \u00e9t\u00e9 publi\u00e9s en 2025, et une tourn\u00e9e europ\u00e9enne s\u2019est achev\u00e9e cet automne.<\/p>\n","protected":false},"excerpt":{"rendered":"Dans une interview r\u00e9cente, l\u2019ancien batteur d\u2019As I Lay Dying, Nick Pierce, revient sur son d\u00e9part du groupe&hellip;\n","protected":false},"author":2,"featured_media":633715,"comment_status":"","ping_status":"","sticky":false,"template":"","format":"standard","meta":{"footnotes":""},"categories":[1355],"tags":[58,59,1011,27,1361,873],"class_list":{"0":"post-633714","1":"post","2":"type-post","3":"status-publish","4":"format-standard","5":"has-post-thumbnail","7":"category-musique","8":"tag-divertissement","9":"tag-entertainment","10":"tag-fr","11":"tag-france","12":"tag-music","13":"tag-musique"},"share_on_mastodon":{"url":"https:\/\/pubeurope.com\/@fr\/115818600000872676","error":""},"_links":{"self":[{"href":"https:\/\/www.europesays.com\/fr\/wp-json\/wp\/v2\/posts\/633714","targetHints":{"allow":["GET"]}}],"collection":[{"href":"https:\/\/www.europesays.com\/fr\/wp-json\/wp\/v2\/posts"}],"about":[{"href":"https:\/\/www.europesays.com\/fr\/wp-json\/wp\/v2\/types\/post"}],"author":[{"embeddable":true,"href":"https:\/\/www.europesays.com\/fr\/wp-json\/wp\/v2\/users\/2"}],"replies":[{"embeddable":true,"href":"https:\/\/www.europesays.com\/fr\/wp-json\/wp\/v2\/comments?post=633714"}],"version-history":[{"count":0,"href":"https:\/\/www.europesays.com\/fr\/wp-json\/wp\/v2\/posts\/633714\/revisions"}],"wp:featuredmedia":[{"embeddable":true,"href":"https:\/\/www.europesays.com\/fr\/wp-json\/wp\/v2\/media\/633715"}],"wp:attachment":[{"href":"https:\/\/www.europesays.com\/fr\/wp-json\/wp\/v2\/media?parent=633714"}],"wp:term":[{"taxonomy":"category","embeddable":true,"href":"https:\/\/www.europesays.com\/fr\/wp-json\/wp\/v2\/categories?post=633714"},{"taxonomy":"post_tag","embeddable":true,"href":"https:\/\/www.europesays.com\/fr\/wp-json\/wp\/v2\/tags?post=633714"}],"curies":[{"name":"wp","href":"https:\/\/api.w.org\/{rel}","templated":true}]}}