{"id":63373,"date":"2025-04-30T03:26:17","date_gmt":"2025-04-30T03:26:17","guid":{"rendered":"https:\/\/www.europesays.com\/fr\/63373\/"},"modified":"2025-04-30T03:26:17","modified_gmt":"2025-04-30T03:26:17","slug":"yves-malary-elu-adjoint-a-lecologie-a-la-montagne","status":"publish","type":"post","link":"https:\/\/www.europesays.com\/fr\/63373\/","title":{"rendered":"Yves Malary, \u00e9lu adjoint \u00e0 l\u2019\u00e9cologie \u00e0 La Montagne"},"content":{"rendered":"<p>Lundi 28\u00a0avril, les \u00e9lus de La Montagne, au sud de Nantes, se sont r\u00e9unis pour un conseil municipal exceptionnel avec trois points \u00e0 l\u2019ordre du jour. Au conseil municipal pr\u00e9c\u00e9dant, le 3\u00a0avril, <a href=\"https:\/\/nantes.maville.com\/actu\/actudet_-oppose-au-projet-de-caserne-de-pompiers-l-adjoint-a-l-environnement-de-la-montagne-demissionne-_52716-6750974_actu.Htm\" target=\"_self\" rel=\"nofollow noopener\">Alain Moinard, adjoint \u00e0 l\u2019\u00e9cologie, \u00e0 l\u2019\u00e9nergie et la mobilit\u00e9, avait pr\u00e9sent\u00e9 sa d\u00e9mission<\/a>. Dans un long plaidoyer, il avait exprim\u00e9 son d\u00e9saccord avec ses colistiers sur la gestion de l\u2019implantation du futur centre d\u2019incendie et de secours, \u00e0 proximit\u00e9 de la zone Montagne plus.<\/p>\n<p>Pour le remplacer, Yves Malary a \u00e9t\u00e9 \u00e9lu \u00e0 bulletin secret, avec vingt voix pour, deux abstentions et trois voix contre. Yves Malary avait rejoint le conseil municipal en mars\u00a02021, apr\u00e8s la d\u00e9mission de Thibaud Perrin. \u00c2g\u00e9 de 64\u00a0ans, Yves Malary, aujourd\u2019hui en retraite, exer\u00e7ait la profession de conseiller agricole.<\/p>\n<p>\u00ab\u00a0Une association peut tout \u00e0 fait avoir une activit\u00e9 commerciale\u00a0\u00bb<\/p>\n<p>Le second point \u00e0 l\u2019ordre du jour concernait l\u2019attribution des subventions aux associations. Parmi celles-ci, la subvention pr\u00e9sent\u00e9e en s\u00e9ance du 3\u00a0avril, au profit de l\u2019association De fil en aigues, avait fait l\u2019objet d\u2019interrogations de la part du groupe La Montagne pour tous. Catherine Gendronneau s\u2019\u00e9tonnait qu\u2019une subvention soit accord\u00e9e \u00e0 un organisme dont l\u2019objet est le commerce de d\u00e9tail de biens d\u2019occasion en magasin. <strong>\u00ab\u00a0Pour cette raison et au vu du montant de la subvention <\/strong>(N.D.L.R. 1\u00a0900\u00a0\u20ac), <strong>nous voterons contre\u00a0\u00bb,<\/strong> a annonc\u00e9 Catherine Gendronneau. \u00a0L\u2019association De fil en aigues est une association d\u00e9clar\u00e9e comme association loi 1901 <strong>,<\/strong> a r\u00e9pondu Sophie Mourlevat, adjointe aux pratiques sportives, aux \u00e9quipements sportifs et \u00e0 la communication. Son objet n\u2019est pas incompatible avec un statut associatif. Une association peut tout \u00e0 fait avoir une activit\u00e9 commerciale.\u00a0<\/p>\n<p>49\u00a0473\u00a0\u20ac aux associations<\/p>\n<p>Le montant global des subventions vers\u00e9es aux associations s\u2019\u00e9l\u00e8ve \u00e0 49\u00a0473\u00a0\u20ac. Le groupe La Montagne pour tous, Catherine Gendronneau et Thiery Foucher, a vot\u00e9 contre. Sabrina Galle, Sabine Bouchard et Jean-Fran\u00e7ois Gervot, du groupe Donnons du relief \u00e0 La Montagne, se sont abstenus.<\/p>\n<p>Pour l\u2019attribution de subventions \u00e0 l\u2019achat de mat\u00e9riel, 712\u00a0\u20ac sont attribu\u00e9s \u00e0 l\u2019association De fil en aigues pour l\u2019achat de mat\u00e9riaux pour la cr\u00e9ation d\u2019\u00e9tag\u00e8res\u00a0; 250\u00a0\u20ac au club de karat\u00e9 pour des b\u00e2tons d\u2019entra\u00eenement et 500\u00a0\u20ac au judo-club pour un tapis de chute et deux battles rops. Julien Boibouvier, Thierry Foucher et Catherine Gendronneau ont vot\u00e9 contre, Alexandra Sevestre, Sabrina Galle, Sabine Bouchard, Jean-Fran\u00e7ois Gervot, du groupe Donnons du relief \u00e0 la Montagne ainsi que Michel Abadie et Patrice Guillot du groupe environnement et solidarit\u00e9s, se sont abstenus.<\/p>\n<p>\u00a0<\/p>\n","protected":false},"excerpt":{"rendered":"Lundi 28\u00a0avril, les \u00e9lus de La Montagne, au sud de Nantes, se sont r\u00e9unis pour un conseil municipal&hellip;\n","protected":false},"author":2,"featured_media":63374,"comment_status":"","ping_status":"","sticky":false,"template":"","format":"standard","meta":{"footnotes":""},"categories":[2818],"tags":[1111,11,16190,51,14192,1777,674,1011,27,16189,5324,766,12,2636,25,15989],"class_list":{"0":"post-63373","1":"post","2":"type-post","3":"status-publish","4":"format-standard","5":"has-post-thumbnail","7":"category-nantes","8":"tag-actu","9":"tag-actualites","10":"tag-adjoint","11":"tag-ecologie","12":"tag-elu","13":"tag-eu","14":"tag-europe","15":"tag-fr","16":"tag-france","17":"tag-malary","18":"tag-montagne","19":"tag-nantes","20":"tag-news","21":"tag-pays-de-la-loire","22":"tag-republique-francaise","23":"tag-yves"},"share_on_mastodon":{"url":"https:\/\/pubeurope.com\/@fr\/114424786792509350","error":""},"_links":{"self":[{"href":"https:\/\/www.europesays.com\/fr\/wp-json\/wp\/v2\/posts\/63373","targetHints":{"allow":["GET"]}}],"collection":[{"href":"https:\/\/www.europesays.com\/fr\/wp-json\/wp\/v2\/posts"}],"about":[{"href":"https:\/\/www.europesays.com\/fr\/wp-json\/wp\/v2\/types\/post"}],"author":[{"embeddable":true,"href":"https:\/\/www.europesays.com\/fr\/wp-json\/wp\/v2\/users\/2"}],"replies":[{"embeddable":true,"href":"https:\/\/www.europesays.com\/fr\/wp-json\/wp\/v2\/comments?post=63373"}],"version-history":[{"count":0,"href":"https:\/\/www.europesays.com\/fr\/wp-json\/wp\/v2\/posts\/63373\/revisions"}],"wp:featuredmedia":[{"embeddable":true,"href":"https:\/\/www.europesays.com\/fr\/wp-json\/wp\/v2\/media\/63374"}],"wp:attachment":[{"href":"https:\/\/www.europesays.com\/fr\/wp-json\/wp\/v2\/media?parent=63373"}],"wp:term":[{"taxonomy":"category","embeddable":true,"href":"https:\/\/www.europesays.com\/fr\/wp-json\/wp\/v2\/categories?post=63373"},{"taxonomy":"post_tag","embeddable":true,"href":"https:\/\/www.europesays.com\/fr\/wp-json\/wp\/v2\/tags?post=63373"}],"curies":[{"name":"wp","href":"https:\/\/api.w.org\/{rel}","templated":true}]}}